{"id":1242,"date":"2025-01-30T09:52:47","date_gmt":"2025-01-30T08:52:47","guid":{"rendered":"https:\/\/www.girbaumateu.com\/2025\/01\/30\/girbaumateu-disena-la-imagen-de-obach-s-sant-cugat-del-valles\/"},"modified":"2025-02-25T13:04:14","modified_gmt":"2025-02-25T12:04:14","slug":"girbaumateu-disena-la-imagen-de-obach-s-sant-cugat-del-valles","status":"publish","type":"post","link":"https:\/\/www.girbaumateu.com\/es\/2025\/01\/30\/girbaumateu-disena-la-imagen-de-obach-s-sant-cugat-del-valles\/","title":{"rendered":"girbaumateu dise\u00f1a la imagen de OBACH s Sant Cugat del Vall\u00e8s"},"content":{"rendered":"\n<p>El estudio girbaumateu ha dise\u00f1ado la nueva tienda <a href=\"https:\/\/embotitsobach.com\/es\/\">Obach 1915<\/a> en el centro de Sant Cugat del Vall\u00e8s, un proyecto que a\u00fana tradici\u00f3n e innovaci\u00f3n para poner en valor los productos artesanales de esta empresa familiar con m\u00e1s de 100 a\u00f1os de historia. De hecho, girbaumateu dise\u00f1a la imagen Obach con mucha dedicaci\u00f3n. <\/p>\n\n<h2 class=\"wp-block-heading\" id=\"h-un-projecte-inspirat-en-l-essencia-d-obach\"><strong>\ud83c\udf1f Un proyecto inspirado en la esencia de Obach<\/strong><\/h2>\n\n<p>Esta tienda ha sido concebida casi como si los clientes entraran en uno de sus obradores. El estudio girbaumateu ha dise\u00f1ado el espacio para reflejar la pasi\u00f3n y la calidad que definen los productos de Obach, con elementos como: <\/p>\n\n<p>  \u2022 Una c\u00e1mara de cristal visible, que permite a los clientes ver el producto antes de ser manipulado, ofreciendo transparencia y autenticidad.<\/p>\n\n<p>  \u2022 Una espectacular iluminaci\u00f3n, que destaca la gama crom\u00e1tica de los productos artesanales, convirti\u00e9ndolos en los aut\u00e9nticos protagonistas del espacio.<\/p>\n\n<p>  \u2022 Un dise\u00f1o c\u00e1lido y funcional, que conecta con la tradici\u00f3n familiar y crea una experiencia de compra memorable, todo en l\u00ednea con c\u00f3mo girbaumateu dise\u00f1a la imagen Obach.<\/p>\n\n<h2 class=\"wp-block-heading\" id=\"h-interiorisme-comercial-sostenible\"><strong>\ud83c\udf31 Interiorismo comercial sostenible<\/strong><\/h2>\n\n<p>En el estudio girbaumateo, no s\u00f3lo nos centramos en crear espacios atractivos, sino tambi\u00e9n sostenibles. Como en todos nuestros proyectos, integramos criterios de eficiencia energ\u00e9tica y materiales respetuosos con el medio ambiente, aline\u00e1ndonos con los est\u00e1ndares de certificaci\u00f3n LEED. La nueva tienda Obach es un claro ejemplo de esta filosof\u00eda: girbaumateu dise\u00f1a la imagen Obach con un compromiso claro con la sostenibilidad.  <\/p>\n\n<h2 class=\"wp-block-heading\" id=\"h-obach-una-tradicio-familiar-des-de-1915\"><strong>\ud83c\udf1f Obach: una tradici\u00f3n familiar desde 1915<\/strong><\/h2>\n\n<p>Obach es sin\u00f3nimo de artesan\u00eda y excelencia, con m\u00e1s de 100 a\u00f1os elaborando productos de calidad incomparable. Esta tradici\u00f3n, basada en el trabajo manual y la atenci\u00f3n al detalle, inspira nuestros dise\u00f1os, compartiendo los mismos valores de autenticidad, compromiso y dedicaci\u00f3n. Por ello, <a href=\"https:\/\/www.girbaumateu.com\/contacte\/\">girbaumateu<\/a> ha dise\u00f1ado la nueva tienda Obach con gran cuidado y dedicaci\u00f3n, siguiendo su estilo personal e innovador.  <\/p>\n\n<p>\ud83d\udccd Ven a descubrir la nueva tienda Obach 1915 en la calle Santiago Rusi\u00f1ol, 10, Sant Cugat del Vall\u00e8s. No te pierdas el espect\u00e1culo de sus productos artesanales en un espacio que hace honor a su historia y su excelencia. Recuerda que girbaumateu ha dise\u00f1ado la nueva tienda Obach para ofrecerte una experiencia \u00fanica, demostrando c\u00f3mo girbaumateu dise\u00f1a la imagen Obach con un toque especial.  <\/p>\n","protected":false},"excerpt":{"rendered":"<p>El estudio girbaumateu ha dise\u00f1ado la nueva tienda Obach 1915 en el centro de Sant Cugat del Vall\u00e8s, un proyecto que a\u00fana tradici\u00f3n e innovaci\u00f3n para poner en valor los productos artesanales de esta empresa familiar con m\u00e1s de 100 a\u00f1os de historia. De hecho, girbaumateu dise\u00f1a la imagen Obach con mucha dedicaci\u00f3n. \ud83c\udf1f Un &hellip; <\/p>\n<p class=\"link-more\"><a href=\"https:\/\/www.girbaumateu.com\/es\/2025\/01\/30\/girbaumateu-disena-la-imagen-de-obach-s-sant-cugat-del-valles\/\" class=\"more-link\">Continuar leyendo<span class=\"screen-reader-text\"> \"girbaumateu dise\u00f1a la imagen de OBACH s Sant Cugat del Vall\u00e8s\"<\/span><\/a><\/p>\n","protected":false},"author":1,"featured_media":889,"comment_status":"open","ping_status":"open","sticky":false,"template":"","format":"standard","meta":{"_seopress_robots_primary_cat":"none","_seopress_titles_title":"","_seopress_titles_desc":"","_seopress_robots_index":"","footnotes":""},"categories":[168],"tags":[207,183,220,206,222,395,390,393,188,179,394,391,392,177],"class_list":["post-1242","post","type-post","status-publish","format-standard","has-post-thumbnail","hentry","category-interiorismo-comercial","tag-arquitectos-especializados-en-retail-es-2","tag-arquitectos-especializados-en-retail-es","tag-arquitectura-de-retail-es","tag-diseno-de-retail-es","tag-diseno-de-retail-es-2","tag-diseno-obach","tag-diseno-retail","tag-eficiencia-energetica-en-retail-es","tag-estudio-girbaumateu","tag-nieves-mateo","tag-proyecto-obach","tag-proyectos-de-carnicerias-es","tag-proyectos-de-carnicerias-es-2","tag-quim-girbau-es"],"yoast_head":"<!-- This site is optimized with the Yoast SEO Premium plugin v26.7 (Yoast SEO v27.5) - https:\/\/yoast.com\/product\/yoast-seo-premium-wordpress\/ -->\n<title>girbaumateu dise\u00f1o la imagen Obach: tradici\u00f3n y calidad<\/title>\n<meta name=\"description\" content=\"Descubre la nueva tienda Obach en Sant Cugat del Vall\u00e8s dise\u00f1ada por girbaumateu. Una combinaci\u00f3n de tradici\u00f3n e innovaci\u00f3n\" \/>\n<meta name=\"robots\" content=\"index, follow, max-snippet:-1, max-image-preview:large, max-video-preview:-1\" \/>\n<link rel=\"canonical\" href=\"https:\/\/www.girbaumateu.com\/es\/2025\/01\/30\/girbaumateu-disena-la-imagen-de-obach-s-sant-cugat-del-valles\/\" \/>\n<meta property=\"og:locale\" content=\"es_ES\" \/>\n<meta property=\"og:type\" content=\"article\" \/>\n<meta property=\"og:title\" content=\"girbaumateu dise\u00f1a la imagen de OBACH s Sant Cugat del Vall\u00e8s\" \/>\n<meta property=\"og:description\" content=\"Descubre la nueva tienda Obach en Sant Cugat del Vall\u00e8s dise\u00f1ada por girbaumateu. Una combinaci\u00f3n de tradici\u00f3n e innovaci\u00f3n\" \/>\n<meta property=\"og:url\" content=\"https:\/\/www.girbaumateu.com\/es\/2025\/01\/30\/girbaumateu-disena-la-imagen-de-obach-s-sant-cugat-del-valles\/\" \/>\n<meta property=\"og:site_name\" content=\"girbaumateu\" \/>\n<meta property=\"article:published_time\" content=\"2025-01-30T08:52:47+00:00\" \/>\n<meta property=\"article:modified_time\" content=\"2025-02-25T12:04:14+00:00\" \/>\n<meta property=\"og:image\" content=\"https:\/\/www.girbaumateu.com\/wp-content\/uploads\/2025\/01\/interiorisme-obach-e1739222445734.jpg\" \/>\n\t<meta property=\"og:image:width\" content=\"878\" \/>\n\t<meta property=\"og:image:height\" content=\"878\" \/>\n\t<meta property=\"og:image:type\" content=\"image\/jpeg\" \/>\n<meta name=\"author\" content=\"qgirbau_admin\" \/>\n<meta name=\"twitter:card\" content=\"summary_large_image\" \/>\n<meta name=\"twitter:label1\" content=\"Escrito por\" \/>\n\t<meta name=\"twitter:data1\" content=\"qgirbau_admin\" \/>\n\t<meta name=\"twitter:label2\" content=\"Tiempo de lectura\" \/>\n\t<meta name=\"twitter:data2\" content=\"2 minutos\" \/>\n<script type=\"application\/ld+json\" class=\"yoast-schema-graph\">{\"@context\":\"https:\\\/\\\/schema.org\",\"@graph\":[{\"@type\":\"Article\",\"@id\":\"https:\\\/\\\/www.girbaumateu.com\\\/es\\\/2025\\\/01\\\/30\\\/girbaumateu-disena-la-imagen-de-obach-s-sant-cugat-del-valles\\\/#article\",\"isPartOf\":{\"@id\":\"https:\\\/\\\/www.girbaumateu.com\\\/es\\\/2025\\\/01\\\/30\\\/girbaumateu-disena-la-imagen-de-obach-s-sant-cugat-del-valles\\\/\"},\"author\":{\"name\":\"qgirbau_admin\",\"@id\":\"https:\\\/\\\/www.girbaumateu.com\\\/es\\\/#\\\/schema\\\/person\\\/52437600073042e5fd9293c859534cf1\"},\"headline\":\"girbaumateu dise\u00f1a la imagen de OBACH s Sant Cugat del Vall\u00e8s\",\"datePublished\":\"2025-01-30T08:52:47+00:00\",\"dateModified\":\"2025-02-25T12:04:14+00:00\",\"mainEntityOfPage\":{\"@id\":\"https:\\\/\\\/www.girbaumateu.com\\\/es\\\/2025\\\/01\\\/30\\\/girbaumateu-disena-la-imagen-de-obach-s-sant-cugat-del-valles\\\/\"},\"wordCount\":418,\"commentCount\":0,\"publisher\":{\"@id\":\"https:\\\/\\\/www.girbaumateu.com\\\/es\\\/#organization\"},\"image\":{\"@id\":\"https:\\\/\\\/www.girbaumateu.com\\\/es\\\/2025\\\/01\\\/30\\\/girbaumateu-disena-la-imagen-de-obach-s-sant-cugat-del-valles\\\/#primaryimage\"},\"thumbnailUrl\":\"https:\\\/\\\/www.girbaumateu.com\\\/wp-content\\\/uploads\\\/2025\\\/01\\\/interiorisme-obach-e1739222445734.jpg\",\"keywords\":[\"arquitectos especializados en retail\",\"arquitectos especializados en retail\",\"arquitectura de retail\",\"dise\u00f1o de retail\",\"dise\u00f1o de retail\",\"dise\u00f1o obach\",\"dise\u00f1o retail\",\"eficiencia energ\u00e9tica en retail\",\"estudio girbaumateu\",\"Nieves Mateo\",\"proyecto obach\",\"Proyectos de carnicer\u00edas\",\"proyectos de carnicer\u00edas\",\"Quim Girbau\"],\"articleSection\":[\"interiorismo comercial\"],\"inLanguage\":\"es\",\"potentialAction\":[{\"@type\":\"CommentAction\",\"name\":\"Comment\",\"target\":[\"https:\\\/\\\/www.girbaumateu.com\\\/es\\\/2025\\\/01\\\/30\\\/girbaumateu-disena-la-imagen-de-obach-s-sant-cugat-del-valles\\\/#respond\"]}]},{\"@type\":\"WebPage\",\"@id\":\"https:\\\/\\\/www.girbaumateu.com\\\/es\\\/2025\\\/01\\\/30\\\/girbaumateu-disena-la-imagen-de-obach-s-sant-cugat-del-valles\\\/\",\"url\":\"https:\\\/\\\/www.girbaumateu.com\\\/es\\\/2025\\\/01\\\/30\\\/girbaumateu-disena-la-imagen-de-obach-s-sant-cugat-del-valles\\\/\",\"name\":\"girbaumateu dise\u00f1o la imagen Obach: tradici\u00f3n y calidad\",\"isPartOf\":{\"@id\":\"https:\\\/\\\/www.girbaumateu.com\\\/es\\\/#website\"},\"primaryImageOfPage\":{\"@id\":\"https:\\\/\\\/www.girbaumateu.com\\\/es\\\/2025\\\/01\\\/30\\\/girbaumateu-disena-la-imagen-de-obach-s-sant-cugat-del-valles\\\/#primaryimage\"},\"image\":{\"@id\":\"https:\\\/\\\/www.girbaumateu.com\\\/es\\\/2025\\\/01\\\/30\\\/girbaumateu-disena-la-imagen-de-obach-s-sant-cugat-del-valles\\\/#primaryimage\"},\"thumbnailUrl\":\"https:\\\/\\\/www.girbaumateu.com\\\/wp-content\\\/uploads\\\/2025\\\/01\\\/interiorisme-obach-e1739222445734.jpg\",\"datePublished\":\"2025-01-30T08:52:47+00:00\",\"dateModified\":\"2025-02-25T12:04:14+00:00\",\"description\":\"Descubre la nueva tienda Obach en Sant Cugat del Vall\u00e8s dise\u00f1ada por girbaumateu. Una combinaci\u00f3n de tradici\u00f3n e innovaci\u00f3n\",\"breadcrumb\":{\"@id\":\"https:\\\/\\\/www.girbaumateu.com\\\/es\\\/2025\\\/01\\\/30\\\/girbaumateu-disena-la-imagen-de-obach-s-sant-cugat-del-valles\\\/#breadcrumb\"},\"inLanguage\":\"es\",\"potentialAction\":[{\"@type\":\"ReadAction\",\"target\":[\"https:\\\/\\\/www.girbaumateu.com\\\/es\\\/2025\\\/01\\\/30\\\/girbaumateu-disena-la-imagen-de-obach-s-sant-cugat-del-valles\\\/\"]}]},{\"@type\":\"ImageObject\",\"inLanguage\":\"es\",\"@id\":\"https:\\\/\\\/www.girbaumateu.com\\\/es\\\/2025\\\/01\\\/30\\\/girbaumateu-disena-la-imagen-de-obach-s-sant-cugat-del-valles\\\/#primaryimage\",\"url\":\"https:\\\/\\\/www.girbaumateu.com\\\/wp-content\\\/uploads\\\/2025\\\/01\\\/interiorisme-obach-e1739222445734.jpg\",\"contentUrl\":\"https:\\\/\\\/www.girbaumateu.com\\\/wp-content\\\/uploads\\\/2025\\\/01\\\/interiorisme-obach-e1739222445734.jpg\",\"width\":878,\"height\":878,\"caption\":\"imatge de marca obach\"},{\"@type\":\"BreadcrumbList\",\"@id\":\"https:\\\/\\\/www.girbaumateu.com\\\/es\\\/2025\\\/01\\\/30\\\/girbaumateu-disena-la-imagen-de-obach-s-sant-cugat-del-valles\\\/#breadcrumb\",\"itemListElement\":[{\"@type\":\"ListItem\",\"position\":1,\"name\":\"Portada\",\"item\":\"https:\\\/\\\/www.girbaumateu.com\\\/es\\\/?page_id=1283\"},{\"@type\":\"ListItem\",\"position\":2,\"name\":\"girbaumateu dise\u00f1a la imagen de OBACH s Sant Cugat del Vall\u00e8s\"}]},{\"@type\":\"WebSite\",\"@id\":\"https:\\\/\\\/www.girbaumateu.com\\\/es\\\/#website\",\"url\":\"https:\\\/\\\/www.girbaumateu.com\\\/es\\\/\",\"name\":\"girbaumateu\",\"description\":\"projectes d&#039;edificaci\u00f3 i interiorisme comercial per a empreses\",\"publisher\":{\"@id\":\"https:\\\/\\\/www.girbaumateu.com\\\/es\\\/#organization\"},\"potentialAction\":[{\"@type\":\"SearchAction\",\"target\":{\"@type\":\"EntryPoint\",\"urlTemplate\":\"https:\\\/\\\/www.girbaumateu.com\\\/es\\\/?s={search_term_string}\"},\"query-input\":{\"@type\":\"PropertyValueSpecification\",\"valueRequired\":true,\"valueName\":\"search_term_string\"}}],\"inLanguage\":\"es\"},{\"@type\":\"Organization\",\"@id\":\"https:\\\/\\\/www.girbaumateu.com\\\/es\\\/#organization\",\"name\":\"girbaumateu\",\"url\":\"https:\\\/\\\/www.girbaumateu.com\\\/es\\\/\",\"logo\":{\"@type\":\"ImageObject\",\"inLanguage\":\"es\",\"@id\":\"https:\\\/\\\/www.girbaumateu.com\\\/es\\\/#\\\/schema\\\/logo\\\/image\\\/\",\"url\":\"https:\\\/\\\/www.girbaumateu.com\\\/wp-content\\\/uploads\\\/2024\\\/11\\\/cropped-logo3-removebg-preview.png\",\"contentUrl\":\"https:\\\/\\\/www.girbaumateu.com\\\/wp-content\\\/uploads\\\/2024\\\/11\\\/cropped-logo3-removebg-preview.png\",\"width\":794,\"height\":250,\"caption\":\"girbaumateu\"},\"image\":{\"@id\":\"https:\\\/\\\/www.girbaumateu.com\\\/es\\\/#\\\/schema\\\/logo\\\/image\\\/\"}},{\"@type\":\"Person\",\"@id\":\"https:\\\/\\\/www.girbaumateu.com\\\/es\\\/#\\\/schema\\\/person\\\/52437600073042e5fd9293c859534cf1\",\"name\":\"qgirbau_admin\",\"image\":{\"@type\":\"ImageObject\",\"inLanguage\":\"es\",\"@id\":\"https:\\\/\\\/secure.gravatar.com\\\/avatar\\\/e59140ac0f3e2c7fe598f24f8ff1853feb6254c253019b28c20764f1814c3516?s=96&d=mm&r=g\",\"url\":\"https:\\\/\\\/secure.gravatar.com\\\/avatar\\\/e59140ac0f3e2c7fe598f24f8ff1853feb6254c253019b28c20764f1814c3516?s=96&d=mm&r=g\",\"contentUrl\":\"https:\\\/\\\/secure.gravatar.com\\\/avatar\\\/e59140ac0f3e2c7fe598f24f8ff1853feb6254c253019b28c20764f1814c3516?s=96&d=mm&r=g\",\"caption\":\"qgirbau_admin\"},\"sameAs\":[\"https:\\\/\\\/www.girbaumateu.com\"],\"url\":\"https:\\\/\\\/www.girbaumateu.com\\\/es\\\/author\\\/qgirbau_admin\\\/\"}]}<\/script>\n<!-- \/ Yoast SEO Premium plugin. -->","yoast_head_json":{"title":"girbaumateu dise\u00f1o la imagen Obach: tradici\u00f3n y calidad","description":"Descubre la nueva tienda Obach en Sant Cugat del Vall\u00e8s dise\u00f1ada por girbaumateu. Una combinaci\u00f3n de tradici\u00f3n e innovaci\u00f3n","robots":{"index":"index","follow":"follow","max-snippet":"max-snippet:-1","max-image-preview":"max-image-preview:large","max-video-preview":"max-video-preview:-1"},"canonical":"https:\/\/www.girbaumateu.com\/es\/2025\/01\/30\/girbaumateu-disena-la-imagen-de-obach-s-sant-cugat-del-valles\/","og_locale":"es_ES","og_type":"article","og_title":"girbaumateu dise\u00f1a la imagen de OBACH s Sant Cugat del Vall\u00e8s","og_description":"Descubre la nueva tienda Obach en Sant Cugat del Vall\u00e8s dise\u00f1ada por girbaumateu. Una combinaci\u00f3n de tradici\u00f3n e innovaci\u00f3n","og_url":"https:\/\/www.girbaumateu.com\/es\/2025\/01\/30\/girbaumateu-disena-la-imagen-de-obach-s-sant-cugat-del-valles\/","og_site_name":"girbaumateu","article_published_time":"2025-01-30T08:52:47+00:00","article_modified_time":"2025-02-25T12:04:14+00:00","og_image":[{"width":878,"height":878,"url":"https:\/\/www.girbaumateu.com\/wp-content\/uploads\/2025\/01\/interiorisme-obach-e1739222445734.jpg","type":"image\/jpeg"}],"author":"qgirbau_admin","twitter_card":"summary_large_image","twitter_misc":{"Escrito por":"qgirbau_admin","Tiempo de lectura":"2 minutos"},"schema":{"@context":"https:\/\/schema.org","@graph":[{"@type":"Article","@id":"https:\/\/www.girbaumateu.com\/es\/2025\/01\/30\/girbaumateu-disena-la-imagen-de-obach-s-sant-cugat-del-valles\/#article","isPartOf":{"@id":"https:\/\/www.girbaumateu.com\/es\/2025\/01\/30\/girbaumateu-disena-la-imagen-de-obach-s-sant-cugat-del-valles\/"},"author":{"name":"qgirbau_admin","@id":"https:\/\/www.girbaumateu.com\/es\/#\/schema\/person\/52437600073042e5fd9293c859534cf1"},"headline":"girbaumateu dise\u00f1a la imagen de OBACH s Sant Cugat del Vall\u00e8s","datePublished":"2025-01-30T08:52:47+00:00","dateModified":"2025-02-25T12:04:14+00:00","mainEntityOfPage":{"@id":"https:\/\/www.girbaumateu.com\/es\/2025\/01\/30\/girbaumateu-disena-la-imagen-de-obach-s-sant-cugat-del-valles\/"},"wordCount":418,"commentCount":0,"publisher":{"@id":"https:\/\/www.girbaumateu.com\/es\/#organization"},"image":{"@id":"https:\/\/www.girbaumateu.com\/es\/2025\/01\/30\/girbaumateu-disena-la-imagen-de-obach-s-sant-cugat-del-valles\/#primaryimage"},"thumbnailUrl":"https:\/\/www.girbaumateu.com\/wp-content\/uploads\/2025\/01\/interiorisme-obach-e1739222445734.jpg","keywords":["arquitectos especializados en retail","arquitectos especializados en retail","arquitectura de retail","dise\u00f1o de retail","dise\u00f1o de retail","dise\u00f1o obach","dise\u00f1o retail","eficiencia energ\u00e9tica en retail","estudio girbaumateu","Nieves Mateo","proyecto obach","Proyectos de carnicer\u00edas","proyectos de carnicer\u00edas","Quim Girbau"],"articleSection":["interiorismo comercial"],"inLanguage":"es","potentialAction":[{"@type":"CommentAction","name":"Comment","target":["https:\/\/www.girbaumateu.com\/es\/2025\/01\/30\/girbaumateu-disena-la-imagen-de-obach-s-sant-cugat-del-valles\/#respond"]}]},{"@type":"WebPage","@id":"https:\/\/www.girbaumateu.com\/es\/2025\/01\/30\/girbaumateu-disena-la-imagen-de-obach-s-sant-cugat-del-valles\/","url":"https:\/\/www.girbaumateu.com\/es\/2025\/01\/30\/girbaumateu-disena-la-imagen-de-obach-s-sant-cugat-del-valles\/","name":"girbaumateu dise\u00f1o la imagen Obach: tradici\u00f3n y calidad","isPartOf":{"@id":"https:\/\/www.girbaumateu.com\/es\/#website"},"primaryImageOfPage":{"@id":"https:\/\/www.girbaumateu.com\/es\/2025\/01\/30\/girbaumateu-disena-la-imagen-de-obach-s-sant-cugat-del-valles\/#primaryimage"},"image":{"@id":"https:\/\/www.girbaumateu.com\/es\/2025\/01\/30\/girbaumateu-disena-la-imagen-de-obach-s-sant-cugat-del-valles\/#primaryimage"},"thumbnailUrl":"https:\/\/www.girbaumateu.com\/wp-content\/uploads\/2025\/01\/interiorisme-obach-e1739222445734.jpg","datePublished":"2025-01-30T08:52:47+00:00","dateModified":"2025-02-25T12:04:14+00:00","description":"Descubre la nueva tienda Obach en Sant Cugat del Vall\u00e8s dise\u00f1ada por girbaumateu. Una combinaci\u00f3n de tradici\u00f3n e innovaci\u00f3n","breadcrumb":{"@id":"https:\/\/www.girbaumateu.com\/es\/2025\/01\/30\/girbaumateu-disena-la-imagen-de-obach-s-sant-cugat-del-valles\/#breadcrumb"},"inLanguage":"es","potentialAction":[{"@type":"ReadAction","target":["https:\/\/www.girbaumateu.com\/es\/2025\/01\/30\/girbaumateu-disena-la-imagen-de-obach-s-sant-cugat-del-valles\/"]}]},{"@type":"ImageObject","inLanguage":"es","@id":"https:\/\/www.girbaumateu.com\/es\/2025\/01\/30\/girbaumateu-disena-la-imagen-de-obach-s-sant-cugat-del-valles\/#primaryimage","url":"https:\/\/www.girbaumateu.com\/wp-content\/uploads\/2025\/01\/interiorisme-obach-e1739222445734.jpg","contentUrl":"https:\/\/www.girbaumateu.com\/wp-content\/uploads\/2025\/01\/interiorisme-obach-e1739222445734.jpg","width":878,"height":878,"caption":"imatge de marca obach"},{"@type":"BreadcrumbList","@id":"https:\/\/www.girbaumateu.com\/es\/2025\/01\/30\/girbaumateu-disena-la-imagen-de-obach-s-sant-cugat-del-valles\/#breadcrumb","itemListElement":[{"@type":"ListItem","position":1,"name":"Portada","item":"https:\/\/www.girbaumateu.com\/es\/?page_id=1283"},{"@type":"ListItem","position":2,"name":"girbaumateu dise\u00f1a la imagen de OBACH s Sant Cugat del Vall\u00e8s"}]},{"@type":"WebSite","@id":"https:\/\/www.girbaumateu.com\/es\/#website","url":"https:\/\/www.girbaumateu.com\/es\/","name":"girbaumateu","description":"projectes d&#039;edificaci\u00f3 i interiorisme comercial per a empreses","publisher":{"@id":"https:\/\/www.girbaumateu.com\/es\/#organization"},"potentialAction":[{"@type":"SearchAction","target":{"@type":"EntryPoint","urlTemplate":"https:\/\/www.girbaumateu.com\/es\/?s={search_term_string}"},"query-input":{"@type":"PropertyValueSpecification","valueRequired":true,"valueName":"search_term_string"}}],"inLanguage":"es"},{"@type":"Organization","@id":"https:\/\/www.girbaumateu.com\/es\/#organization","name":"girbaumateu","url":"https:\/\/www.girbaumateu.com\/es\/","logo":{"@type":"ImageObject","inLanguage":"es","@id":"https:\/\/www.girbaumateu.com\/es\/#\/schema\/logo\/image\/","url":"https:\/\/www.girbaumateu.com\/wp-content\/uploads\/2024\/11\/cropped-logo3-removebg-preview.png","contentUrl":"https:\/\/www.girbaumateu.com\/wp-content\/uploads\/2024\/11\/cropped-logo3-removebg-preview.png","width":794,"height":250,"caption":"girbaumateu"},"image":{"@id":"https:\/\/www.girbaumateu.com\/es\/#\/schema\/logo\/image\/"}},{"@type":"Person","@id":"https:\/\/www.girbaumateu.com\/es\/#\/schema\/person\/52437600073042e5fd9293c859534cf1","name":"qgirbau_admin","image":{"@type":"ImageObject","inLanguage":"es","@id":"https:\/\/secure.gravatar.com\/avatar\/e59140ac0f3e2c7fe598f24f8ff1853feb6254c253019b28c20764f1814c3516?s=96&d=mm&r=g","url":"https:\/\/secure.gravatar.com\/avatar\/e59140ac0f3e2c7fe598f24f8ff1853feb6254c253019b28c20764f1814c3516?s=96&d=mm&r=g","contentUrl":"https:\/\/secure.gravatar.com\/avatar\/e59140ac0f3e2c7fe598f24f8ff1853feb6254c253019b28c20764f1814c3516?s=96&d=mm&r=g","caption":"qgirbau_admin"},"sameAs":["https:\/\/www.girbaumateu.com"],"url":"https:\/\/www.girbaumateu.com\/es\/author\/qgirbau_admin\/"}]}},"featured_image_src":"https:\/\/www.girbaumateu.com\/wp-content\/uploads\/2025\/01\/interiorisme-obach-e1739222445734-600x400.jpg","featured_image_src_square":"https:\/\/www.girbaumateu.com\/wp-content\/uploads\/2025\/01\/interiorisme-obach-e1739222445734-600x600.jpg","author_info":{"display_name":"qgirbau_admin","author_link":"https:\/\/www.girbaumateu.com\/es\/author\/qgirbau_admin\/"},"_links":{"self":[{"href":"https:\/\/www.girbaumateu.com\/es\/wp-json\/wp\/v2\/posts\/1242","targetHints":{"allow":["GET"]}}],"collection":[{"href":"https:\/\/www.girbaumateu.com\/es\/wp-json\/wp\/v2\/posts"}],"about":[{"href":"https:\/\/www.girbaumateu.com\/es\/wp-json\/wp\/v2\/types\/post"}],"author":[{"embeddable":true,"href":"https:\/\/www.girbaumateu.com\/es\/wp-json\/wp\/v2\/users\/1"}],"replies":[{"embeddable":true,"href":"https:\/\/www.girbaumateu.com\/es\/wp-json\/wp\/v2\/comments?post=1242"}],"version-history":[{"count":2,"href":"https:\/\/www.girbaumateu.com\/es\/wp-json\/wp\/v2\/posts\/1242\/revisions"}],"predecessor-version":[{"id":1250,"href":"https:\/\/www.girbaumateu.com\/es\/wp-json\/wp\/v2\/posts\/1242\/revisions\/1250"}],"wp:featuredmedia":[{"embeddable":true,"href":"https:\/\/www.girbaumateu.com\/es\/wp-json\/wp\/v2\/media\/889"}],"wp:attachment":[{"href":"https:\/\/www.girbaumateu.com\/es\/wp-json\/wp\/v2\/media?parent=1242"}],"wp:term":[{"taxonomy":"category","embeddable":true,"href":"https:\/\/www.girbaumateu.com\/es\/wp-json\/wp\/v2\/categories?post=1242"},{"taxonomy":"post_tag","embeddable":true,"href":"https:\/\/www.girbaumateu.com\/es\/wp-json\/wp\/v2\/tags?post=1242"}],"curies":[{"name":"wp","href":"https:\/\/api.w.org\/{rel}","templated":true}]}}