{"id":1355,"date":"2024-11-19T10:33:27","date_gmt":"2024-11-19T09:33:27","guid":{"rendered":"https:\/\/www.girbaumateu.com\/2024\/11\/19\/conferencia-leed\/"},"modified":"2025-02-25T13:05:43","modified_gmt":"2025-02-25T12:05:43","slug":"conferencia-leed","status":"publish","type":"post","link":"https:\/\/www.girbaumateu.com\/es\/2024\/11\/19\/conferencia-leed\/","title":{"rendered":"Conferencia LEED"},"content":{"rendered":"\n<p>\u2728 \u00a1Hoy es un gran d\u00eda! Neus ofrecer\u00e1 una conferencia inspiradora como parte del M\u00e1ster en Gesti\u00f3n Integral de la <a href=\"https:\/\/www.linkedin.com\/posts\/quimgirbau%26neusmateu-arquitectes_avui-%C3%A9s-un-gran-dia-la-neus-oferir%C3%A0-una-activity-7264560425424310272-r3hK?utm_source=share&amp;utm_medium=member_desktop&amp;rcm=ACoAAAKoIrEBolmoFAeixHO4AtjkFP2HyToCIYc\">Construcci\u00f3n y Dise\u00f1o de Interiores<\/a> sostenibles. La conferencia estar\u00e1 centrada en la aplicaci\u00f3n de certificaciones de sostenibilidad LEED en el sector del retail. \u00c9sta es una tendencia que est\u00e1 transformando la manera en que dise\u00f1amos nuestros espacios comerciales en el contexto de Dise\u00f1o de Interiores sostenibles. Esta gesti\u00f3n es clave para el futuro sostenible.    <\/p>\n\n<h2 class=\"wp-block-heading\" id=\"h-pero-que-son-les-certificacions-leed-son-un-sistema-de-classificacio-internacional-que-avalua-l-eficiencia-energetica-i-ambiental-dels-edificis-apostar-per-leed-es-garantir-que-els-projectes-minimitzen-el-seu-impacte-ambiental-optimitzen-recursos-i-ofereixen-espais-mes-saludables-aixo-es-fonamental-per-a-l-eficiencia-en-el-disseny-i-la-construccio-d-inteirors-sostenibles-dins-del-marc-de-gestio-integral\">\ud83c\udf31 \u00bfPero qu\u00e9 son las certificaciones LEED? Son un sistema de clasificaci\u00f3n internacional que eval\u00faa la eficiencia energ\u00e9tica y ambiental de los edificios. <a href=\"https:\/\/www.girbaumateu.com\/2025\/01\/29\/lestudi-girbaumateu-interiorisme-doficines-sostenibles-amb-certificacio-leed\/\">Apostar por LEED<\/a> es garantizar que los proyectos minimicen su impacto ambiental, optimicen recursos y ofrezcan espacios m\u00e1s saludables. Esto es fundamental para la eficiencia en el dise\u00f1o y construcci\u00f3n de interiores sostenibles dentro del marco de Gesti\u00f3n Integral.  <\/h2>\n\n<p>El retail de hoy ya no es s\u00f3lo cuesti\u00f3n de ventas e imagen. Tambi\u00e9n es una oportunidad para construir de forma eficiente, respetuosa y pensando en el futuro, especialmente en el contexto de Dise\u00f1o de Interiores sostenibles. Cada proyecto es una oportunidad para generar impacto positivo. Tambi\u00e9n para repensar c\u00f3mo dejamos huella en el mundo desde el punto de vista de la Gesti\u00f3n Integral de la Construcci\u00f3n y Dise\u00f1o de Interiores sostenibles.   <\/p>\n\n<p>\ud83d\udca1 El futuro del retail se construye hoy mismo pensando en la Gesti\u00f3n Integral de la Construcci\u00f3n y Dise\u00f1o de Interiores sostenibles. \u00a1Tenemos la oportunidad de inspirar un cambio real con la ayuda de un buen M\u00e1ster en Gesti\u00f3n Integral de la Construcci\u00f3n y Dise\u00f1o de Interiores! <\/p>\n","protected":false},"excerpt":{"rendered":"<p>\u2728 \u00a1Hoy es un gran d\u00eda! Neus ofrecer\u00e1 una conferencia inspiradora como parte del M\u00e1ster en Gesti\u00f3n Integral de la Construcci\u00f3n y Dise\u00f1o de Interiores sostenibles. La conferencia estar\u00e1 centrada en la aplicaci\u00f3n de certificaciones de sostenibilidad LEED en el sector del retail. \u00c9sta es una tendencia que est\u00e1 transformando la manera en que dise\u00f1amos &hellip; <\/p>\n<p class=\"link-more\"><a href=\"https:\/\/www.girbaumateu.com\/es\/2024\/11\/19\/conferencia-leed\/\" class=\"more-link\">Continuar leyendo<span class=\"screen-reader-text\"> \"Conferencia LEED\"<\/span><\/a><\/p>\n","protected":false},"author":1,"featured_media":856,"comment_status":"open","ping_status":"open","sticky":false,"template":"","format":"standard","meta":{"_seopress_robots_primary_cat":"none","_seopress_titles_title":"","_seopress_titles_desc":"","_seopress_robots_index":"","footnotes":""},"categories":[168],"tags":[341],"class_list":["post-1355","post","type-post","status-publish","format-standard","has-post-thumbnail","hentry","category-interiorismo-comercial","tag-retail-leed-barcelona-es"],"yoast_head":"<!-- This site is optimized with the Yoast SEO Premium plugin v26.7 (Yoast SEO v27.4) - https:\/\/yoast.com\/product\/yoast-seo-premium-wordpress\/ -->\n<title>Gesti\u00f3n Integral de la Construcci\u00f3n y Dise\u00f1o de Interiores sostenibles<\/title>\n<meta name=\"description\" content=\"Gesti\u00f3n Integral de la Construcci\u00f3n y Dise\u00f1o de Interiores sostenibles Descubre las certificaciones LEED y su aplicaci\u00f3n en retail.\" \/>\n<meta name=\"robots\" content=\"index, follow, max-snippet:-1, max-image-preview:large, max-video-preview:-1\" \/>\n<link rel=\"canonical\" href=\"https:\/\/www.girbaumateu.com\/es\/2024\/11\/19\/conferencia-leed\/\" \/>\n<meta property=\"og:locale\" content=\"es_ES\" \/>\n<meta property=\"og:type\" content=\"article\" \/>\n<meta property=\"og:title\" content=\"Conferencia LEED\" \/>\n<meta property=\"og:description\" content=\"Gesti\u00f3n Integral de la Construcci\u00f3n y Dise\u00f1o de Interiores sostenibles Descubre las certificaciones LEED y su aplicaci\u00f3n en retail.\" \/>\n<meta property=\"og:url\" content=\"https:\/\/www.girbaumateu.com\/es\/2024\/11\/19\/conferencia-leed\/\" \/>\n<meta property=\"og:site_name\" content=\"girbaumateu\" \/>\n<meta property=\"article:published_time\" content=\"2024-11-19T09:33:27+00:00\" \/>\n<meta property=\"article:modified_time\" content=\"2025-02-25T12:05:43+00:00\" \/>\n<meta property=\"og:image\" content=\"https:\/\/www.girbaumateu.com\/wp-content\/uploads\/2024\/11\/confleed.jpg\" \/>\n\t<meta property=\"og:image:width\" content=\"1454\" \/>\n\t<meta property=\"og:image:height\" content=\"1454\" \/>\n\t<meta property=\"og:image:type\" content=\"image\/jpeg\" \/>\n<meta name=\"author\" content=\"qgirbau_admin\" \/>\n<meta name=\"twitter:card\" content=\"summary_large_image\" \/>\n<meta name=\"twitter:label1\" content=\"Escrito por\" \/>\n\t<meta name=\"twitter:data1\" content=\"qgirbau_admin\" \/>\n\t<meta name=\"twitter:label2\" content=\"Tiempo de lectura\" \/>\n\t<meta name=\"twitter:data2\" content=\"1 minuto\" \/>\n<script type=\"application\/ld+json\" class=\"yoast-schema-graph\">{\"@context\":\"https:\\\/\\\/schema.org\",\"@graph\":[{\"@type\":\"Article\",\"@id\":\"https:\\\/\\\/www.girbaumateu.com\\\/es\\\/2024\\\/11\\\/19\\\/conferencia-leed\\\/#article\",\"isPartOf\":{\"@id\":\"https:\\\/\\\/www.girbaumateu.com\\\/es\\\/2024\\\/11\\\/19\\\/conferencia-leed\\\/\"},\"author\":{\"name\":\"qgirbau_admin\",\"@id\":\"https:\\\/\\\/www.girbaumateu.com\\\/es\\\/#\\\/schema\\\/person\\\/52437600073042e5fd9293c859534cf1\"},\"headline\":\"Conferencia LEED\",\"datePublished\":\"2024-11-19T09:33:27+00:00\",\"dateModified\":\"2025-02-25T12:05:43+00:00\",\"mainEntityOfPage\":{\"@id\":\"https:\\\/\\\/www.girbaumateu.com\\\/es\\\/2024\\\/11\\\/19\\\/conferencia-leed\\\/\"},\"wordCount\":286,\"commentCount\":0,\"publisher\":{\"@id\":\"https:\\\/\\\/www.girbaumateu.com\\\/es\\\/#organization\"},\"image\":{\"@id\":\"https:\\\/\\\/www.girbaumateu.com\\\/es\\\/2024\\\/11\\\/19\\\/conferencia-leed\\\/#primaryimage\"},\"thumbnailUrl\":\"https:\\\/\\\/www.girbaumateu.com\\\/wp-content\\\/uploads\\\/2024\\\/11\\\/confleed.jpg\",\"keywords\":[\"Retail LEED Barcelona\"],\"articleSection\":[\"interiorismo comercial\"],\"inLanguage\":\"es\",\"potentialAction\":[{\"@type\":\"CommentAction\",\"name\":\"Comment\",\"target\":[\"https:\\\/\\\/www.girbaumateu.com\\\/es\\\/2024\\\/11\\\/19\\\/conferencia-leed\\\/#respond\"]}]},{\"@type\":\"WebPage\",\"@id\":\"https:\\\/\\\/www.girbaumateu.com\\\/es\\\/2024\\\/11\\\/19\\\/conferencia-leed\\\/\",\"url\":\"https:\\\/\\\/www.girbaumateu.com\\\/es\\\/2024\\\/11\\\/19\\\/conferencia-leed\\\/\",\"name\":\"Gesti\u00f3n Integral de la Construcci\u00f3n y Dise\u00f1o de Interiores sostenibles\",\"isPartOf\":{\"@id\":\"https:\\\/\\\/www.girbaumateu.com\\\/es\\\/#website\"},\"primaryImageOfPage\":{\"@id\":\"https:\\\/\\\/www.girbaumateu.com\\\/es\\\/2024\\\/11\\\/19\\\/conferencia-leed\\\/#primaryimage\"},\"image\":{\"@id\":\"https:\\\/\\\/www.girbaumateu.com\\\/es\\\/2024\\\/11\\\/19\\\/conferencia-leed\\\/#primaryimage\"},\"thumbnailUrl\":\"https:\\\/\\\/www.girbaumateu.com\\\/wp-content\\\/uploads\\\/2024\\\/11\\\/confleed.jpg\",\"datePublished\":\"2024-11-19T09:33:27+00:00\",\"dateModified\":\"2025-02-25T12:05:43+00:00\",\"description\":\"Gesti\u00f3n Integral de la Construcci\u00f3n y Dise\u00f1o de Interiores sostenibles Descubre las certificaciones LEED y su aplicaci\u00f3n en retail.\",\"breadcrumb\":{\"@id\":\"https:\\\/\\\/www.girbaumateu.com\\\/es\\\/2024\\\/11\\\/19\\\/conferencia-leed\\\/#breadcrumb\"},\"inLanguage\":\"es\",\"potentialAction\":[{\"@type\":\"ReadAction\",\"target\":[\"https:\\\/\\\/www.girbaumateu.com\\\/es\\\/2024\\\/11\\\/19\\\/conferencia-leed\\\/\"]}]},{\"@type\":\"ImageObject\",\"inLanguage\":\"es\",\"@id\":\"https:\\\/\\\/www.girbaumateu.com\\\/es\\\/2024\\\/11\\\/19\\\/conferencia-leed\\\/#primaryimage\",\"url\":\"https:\\\/\\\/www.girbaumateu.com\\\/wp-content\\\/uploads\\\/2024\\\/11\\\/confleed.jpg\",\"contentUrl\":\"https:\\\/\\\/www.girbaumateu.com\\\/wp-content\\\/uploads\\\/2024\\\/11\\\/confleed.jpg\",\"width\":1454,\"height\":1454},{\"@type\":\"BreadcrumbList\",\"@id\":\"https:\\\/\\\/www.girbaumateu.com\\\/es\\\/2024\\\/11\\\/19\\\/conferencia-leed\\\/#breadcrumb\",\"itemListElement\":[{\"@type\":\"ListItem\",\"position\":1,\"name\":\"Portada\",\"item\":\"https:\\\/\\\/www.girbaumateu.com\\\/es\\\/?page_id=1283\"},{\"@type\":\"ListItem\",\"position\":2,\"name\":\"Conferencia LEED\"}]},{\"@type\":\"WebSite\",\"@id\":\"https:\\\/\\\/www.girbaumateu.com\\\/es\\\/#website\",\"url\":\"https:\\\/\\\/www.girbaumateu.com\\\/es\\\/\",\"name\":\"girbaumateu\",\"description\":\"projectes d&#039;edificaci\u00f3 i interiorisme comercial per a empreses\",\"publisher\":{\"@id\":\"https:\\\/\\\/www.girbaumateu.com\\\/es\\\/#organization\"},\"potentialAction\":[{\"@type\":\"SearchAction\",\"target\":{\"@type\":\"EntryPoint\",\"urlTemplate\":\"https:\\\/\\\/www.girbaumateu.com\\\/es\\\/?s={search_term_string}\"},\"query-input\":{\"@type\":\"PropertyValueSpecification\",\"valueRequired\":true,\"valueName\":\"search_term_string\"}}],\"inLanguage\":\"es\"},{\"@type\":\"Organization\",\"@id\":\"https:\\\/\\\/www.girbaumateu.com\\\/es\\\/#organization\",\"name\":\"girbaumateu\",\"url\":\"https:\\\/\\\/www.girbaumateu.com\\\/es\\\/\",\"logo\":{\"@type\":\"ImageObject\",\"inLanguage\":\"es\",\"@id\":\"https:\\\/\\\/www.girbaumateu.com\\\/es\\\/#\\\/schema\\\/logo\\\/image\\\/\",\"url\":\"https:\\\/\\\/www.girbaumateu.com\\\/wp-content\\\/uploads\\\/2024\\\/11\\\/cropped-logo3-removebg-preview.png\",\"contentUrl\":\"https:\\\/\\\/www.girbaumateu.com\\\/wp-content\\\/uploads\\\/2024\\\/11\\\/cropped-logo3-removebg-preview.png\",\"width\":794,\"height\":250,\"caption\":\"girbaumateu\"},\"image\":{\"@id\":\"https:\\\/\\\/www.girbaumateu.com\\\/es\\\/#\\\/schema\\\/logo\\\/image\\\/\"}},{\"@type\":\"Person\",\"@id\":\"https:\\\/\\\/www.girbaumateu.com\\\/es\\\/#\\\/schema\\\/person\\\/52437600073042e5fd9293c859534cf1\",\"name\":\"qgirbau_admin\",\"image\":{\"@type\":\"ImageObject\",\"inLanguage\":\"es\",\"@id\":\"https:\\\/\\\/secure.gravatar.com\\\/avatar\\\/e59140ac0f3e2c7fe598f24f8ff1853feb6254c253019b28c20764f1814c3516?s=96&d=mm&r=g\",\"url\":\"https:\\\/\\\/secure.gravatar.com\\\/avatar\\\/e59140ac0f3e2c7fe598f24f8ff1853feb6254c253019b28c20764f1814c3516?s=96&d=mm&r=g\",\"contentUrl\":\"https:\\\/\\\/secure.gravatar.com\\\/avatar\\\/e59140ac0f3e2c7fe598f24f8ff1853feb6254c253019b28c20764f1814c3516?s=96&d=mm&r=g\",\"caption\":\"qgirbau_admin\"},\"sameAs\":[\"https:\\\/\\\/www.girbaumateu.com\"],\"url\":\"https:\\\/\\\/www.girbaumateu.com\\\/es\\\/author\\\/qgirbau_admin\\\/\"}]}<\/script>\n<!-- \/ Yoast SEO Premium plugin. -->","yoast_head_json":{"title":"Gesti\u00f3n Integral de la Construcci\u00f3n y Dise\u00f1o de Interiores sostenibles","description":"Gesti\u00f3n Integral de la Construcci\u00f3n y Dise\u00f1o de Interiores sostenibles Descubre las certificaciones LEED y su aplicaci\u00f3n en retail.","robots":{"index":"index","follow":"follow","max-snippet":"max-snippet:-1","max-image-preview":"max-image-preview:large","max-video-preview":"max-video-preview:-1"},"canonical":"https:\/\/www.girbaumateu.com\/es\/2024\/11\/19\/conferencia-leed\/","og_locale":"es_ES","og_type":"article","og_title":"Conferencia LEED","og_description":"Gesti\u00f3n Integral de la Construcci\u00f3n y Dise\u00f1o de Interiores sostenibles Descubre las certificaciones LEED y su aplicaci\u00f3n en retail.","og_url":"https:\/\/www.girbaumateu.com\/es\/2024\/11\/19\/conferencia-leed\/","og_site_name":"girbaumateu","article_published_time":"2024-11-19T09:33:27+00:00","article_modified_time":"2025-02-25T12:05:43+00:00","og_image":[{"width":1454,"height":1454,"url":"https:\/\/www.girbaumateu.com\/wp-content\/uploads\/2024\/11\/confleed.jpg","type":"image\/jpeg"}],"author":"qgirbau_admin","twitter_card":"summary_large_image","twitter_misc":{"Escrito por":"qgirbau_admin","Tiempo de lectura":"1 minuto"},"schema":{"@context":"https:\/\/schema.org","@graph":[{"@type":"Article","@id":"https:\/\/www.girbaumateu.com\/es\/2024\/11\/19\/conferencia-leed\/#article","isPartOf":{"@id":"https:\/\/www.girbaumateu.com\/es\/2024\/11\/19\/conferencia-leed\/"},"author":{"name":"qgirbau_admin","@id":"https:\/\/www.girbaumateu.com\/es\/#\/schema\/person\/52437600073042e5fd9293c859534cf1"},"headline":"Conferencia LEED","datePublished":"2024-11-19T09:33:27+00:00","dateModified":"2025-02-25T12:05:43+00:00","mainEntityOfPage":{"@id":"https:\/\/www.girbaumateu.com\/es\/2024\/11\/19\/conferencia-leed\/"},"wordCount":286,"commentCount":0,"publisher":{"@id":"https:\/\/www.girbaumateu.com\/es\/#organization"},"image":{"@id":"https:\/\/www.girbaumateu.com\/es\/2024\/11\/19\/conferencia-leed\/#primaryimage"},"thumbnailUrl":"https:\/\/www.girbaumateu.com\/wp-content\/uploads\/2024\/11\/confleed.jpg","keywords":["Retail LEED Barcelona"],"articleSection":["interiorismo comercial"],"inLanguage":"es","potentialAction":[{"@type":"CommentAction","name":"Comment","target":["https:\/\/www.girbaumateu.com\/es\/2024\/11\/19\/conferencia-leed\/#respond"]}]},{"@type":"WebPage","@id":"https:\/\/www.girbaumateu.com\/es\/2024\/11\/19\/conferencia-leed\/","url":"https:\/\/www.girbaumateu.com\/es\/2024\/11\/19\/conferencia-leed\/","name":"Gesti\u00f3n Integral de la Construcci\u00f3n y Dise\u00f1o de Interiores sostenibles","isPartOf":{"@id":"https:\/\/www.girbaumateu.com\/es\/#website"},"primaryImageOfPage":{"@id":"https:\/\/www.girbaumateu.com\/es\/2024\/11\/19\/conferencia-leed\/#primaryimage"},"image":{"@id":"https:\/\/www.girbaumateu.com\/es\/2024\/11\/19\/conferencia-leed\/#primaryimage"},"thumbnailUrl":"https:\/\/www.girbaumateu.com\/wp-content\/uploads\/2024\/11\/confleed.jpg","datePublished":"2024-11-19T09:33:27+00:00","dateModified":"2025-02-25T12:05:43+00:00","description":"Gesti\u00f3n Integral de la Construcci\u00f3n y Dise\u00f1o de Interiores sostenibles Descubre las certificaciones LEED y su aplicaci\u00f3n en retail.","breadcrumb":{"@id":"https:\/\/www.girbaumateu.com\/es\/2024\/11\/19\/conferencia-leed\/#breadcrumb"},"inLanguage":"es","potentialAction":[{"@type":"ReadAction","target":["https:\/\/www.girbaumateu.com\/es\/2024\/11\/19\/conferencia-leed\/"]}]},{"@type":"ImageObject","inLanguage":"es","@id":"https:\/\/www.girbaumateu.com\/es\/2024\/11\/19\/conferencia-leed\/#primaryimage","url":"https:\/\/www.girbaumateu.com\/wp-content\/uploads\/2024\/11\/confleed.jpg","contentUrl":"https:\/\/www.girbaumateu.com\/wp-content\/uploads\/2024\/11\/confleed.jpg","width":1454,"height":1454},{"@type":"BreadcrumbList","@id":"https:\/\/www.girbaumateu.com\/es\/2024\/11\/19\/conferencia-leed\/#breadcrumb","itemListElement":[{"@type":"ListItem","position":1,"name":"Portada","item":"https:\/\/www.girbaumateu.com\/es\/?page_id=1283"},{"@type":"ListItem","position":2,"name":"Conferencia LEED"}]},{"@type":"WebSite","@id":"https:\/\/www.girbaumateu.com\/es\/#website","url":"https:\/\/www.girbaumateu.com\/es\/","name":"girbaumateu","description":"projectes d&#039;edificaci\u00f3 i interiorisme comercial per a empreses","publisher":{"@id":"https:\/\/www.girbaumateu.com\/es\/#organization"},"potentialAction":[{"@type":"SearchAction","target":{"@type":"EntryPoint","urlTemplate":"https:\/\/www.girbaumateu.com\/es\/?s={search_term_string}"},"query-input":{"@type":"PropertyValueSpecification","valueRequired":true,"valueName":"search_term_string"}}],"inLanguage":"es"},{"@type":"Organization","@id":"https:\/\/www.girbaumateu.com\/es\/#organization","name":"girbaumateu","url":"https:\/\/www.girbaumateu.com\/es\/","logo":{"@type":"ImageObject","inLanguage":"es","@id":"https:\/\/www.girbaumateu.com\/es\/#\/schema\/logo\/image\/","url":"https:\/\/www.girbaumateu.com\/wp-content\/uploads\/2024\/11\/cropped-logo3-removebg-preview.png","contentUrl":"https:\/\/www.girbaumateu.com\/wp-content\/uploads\/2024\/11\/cropped-logo3-removebg-preview.png","width":794,"height":250,"caption":"girbaumateu"},"image":{"@id":"https:\/\/www.girbaumateu.com\/es\/#\/schema\/logo\/image\/"}},{"@type":"Person","@id":"https:\/\/www.girbaumateu.com\/es\/#\/schema\/person\/52437600073042e5fd9293c859534cf1","name":"qgirbau_admin","image":{"@type":"ImageObject","inLanguage":"es","@id":"https:\/\/secure.gravatar.com\/avatar\/e59140ac0f3e2c7fe598f24f8ff1853feb6254c253019b28c20764f1814c3516?s=96&d=mm&r=g","url":"https:\/\/secure.gravatar.com\/avatar\/e59140ac0f3e2c7fe598f24f8ff1853feb6254c253019b28c20764f1814c3516?s=96&d=mm&r=g","contentUrl":"https:\/\/secure.gravatar.com\/avatar\/e59140ac0f3e2c7fe598f24f8ff1853feb6254c253019b28c20764f1814c3516?s=96&d=mm&r=g","caption":"qgirbau_admin"},"sameAs":["https:\/\/www.girbaumateu.com"],"url":"https:\/\/www.girbaumateu.com\/es\/author\/qgirbau_admin\/"}]}},"featured_image_src":"https:\/\/www.girbaumateu.com\/wp-content\/uploads\/2024\/11\/confleed-600x400.jpg","featured_image_src_square":"https:\/\/www.girbaumateu.com\/wp-content\/uploads\/2024\/11\/confleed-600x600.jpg","author_info":{"display_name":"qgirbau_admin","author_link":"https:\/\/www.girbaumateu.com\/es\/author\/qgirbau_admin\/"},"_links":{"self":[{"href":"https:\/\/www.girbaumateu.com\/es\/wp-json\/wp\/v2\/posts\/1355","targetHints":{"allow":["GET"]}}],"collection":[{"href":"https:\/\/www.girbaumateu.com\/es\/wp-json\/wp\/v2\/posts"}],"about":[{"href":"https:\/\/www.girbaumateu.com\/es\/wp-json\/wp\/v2\/types\/post"}],"author":[{"embeddable":true,"href":"https:\/\/www.girbaumateu.com\/es\/wp-json\/wp\/v2\/users\/1"}],"replies":[{"embeddable":true,"href":"https:\/\/www.girbaumateu.com\/es\/wp-json\/wp\/v2\/comments?post=1355"}],"version-history":[{"count":2,"href":"https:\/\/www.girbaumateu.com\/es\/wp-json\/wp\/v2\/posts\/1355\/revisions"}],"predecessor-version":[{"id":1358,"href":"https:\/\/www.girbaumateu.com\/es\/wp-json\/wp\/v2\/posts\/1355\/revisions\/1358"}],"wp:featuredmedia":[{"embeddable":true,"href":"https:\/\/www.girbaumateu.com\/es\/wp-json\/wp\/v2\/media\/856"}],"wp:attachment":[{"href":"https:\/\/www.girbaumateu.com\/es\/wp-json\/wp\/v2\/media?parent=1355"}],"wp:term":[{"taxonomy":"category","embeddable":true,"href":"https:\/\/www.girbaumateu.com\/es\/wp-json\/wp\/v2\/categories?post=1355"},{"taxonomy":"post_tag","embeddable":true,"href":"https:\/\/www.girbaumateu.com\/es\/wp-json\/wp\/v2\/tags?post=1355"}],"curies":[{"name":"wp","href":"https:\/\/api.w.org\/{rel}","templated":true}]}}