{"id":1415,"date":"2025-01-30T10:02:53","date_gmt":"2025-01-30T09:02:53","guid":{"rendered":"https:\/\/www.girbaumateu.com\/2025\/01\/30\/el-estudio-girbaumateu-disenando-la-nueva-tienda-de-almendro-origen-en-sant-feliu-de-guixols\/"},"modified":"2025-03-04T08:56:57","modified_gmt":"2025-03-04T07:56:57","slug":"el-estudio-girbaumateu-disenando-la-nueva-tienda-de-ametller-origen-en-sant-feliu-de-guixols","status":"publish","type":"post","link":"https:\/\/www.girbaumateu.com\/es\/2025\/01\/30\/el-estudio-girbaumateu-disenando-la-nueva-tienda-de-almendro-origen-en-sant-feliu-de-guixols\/","title":{"rendered":"El estudio girbaumateu: dise\u00f1a y desarrolla el interiorismo Ametller Origen en Sant Feliu de Gu\u00edxols"},"content":{"rendered":"\n<p>El estudio girbaumateu ha dise\u00f1ado y desarrolla el dise\u00f1o del interiorismo de Ametller Origen, creando espacios \u00fanicos que cautivan los sentidos y reflejan la esencia de la marca. La nueva tienda de <a href=\"https:\/\/www.ametllerorigen.com\/es\/tiendas-ametller-origen\/sant-feliu-de-guixols\/ametller-origen-carrer-del-doctor-josep-trueta-6486ef387c374e5ce101c5b9\">Sant Feliu de Gu\u00edxols<\/a> es un claro ejemplo de esta visi\u00f3n, ofreciendo un verdadero espect\u00e1culo de colores, olores y texturas que invitan a vivir una experiencia de compra diferente. \u00c9sta es una muestra de c\u00f3mo girbaumateu dise\u00f1a y desarrolla el interiorismo de Ametller Origen.<\/p>\n\n\n\n<h2 class=\"wp-block-heading\" id=\"h-este-espacio-pensado-como-un-mercado-se-caracteriza-por\">Este espacio, pensado como un mercado, se caracteriza por:<\/h2>\n\n\n\n<h3 class=\"wp-block-heading\" id=\"h-un-techo-magnifico-a-dos-aguas-que-alberga-las-diversas-exposiciones-de-productos-frescos-creando-un-ambiente-calido-y-autentico\" style=\"font-size:16px\">  \u2022 Un techo magn\u00edfico a dos aguas que alberga las diversas exposiciones de productos frescos, creando un ambiente c\u00e1lido y aut\u00e9ntico.<\/h3>\n\n\n\n<h3 class=\"wp-block-heading\" id=\"h-una-distribucion-libre-sin-recorrido-marcado-que-permite-a-sus-clientes-descubrir-cada-rincon-de-la-tienda-con-libertad-y-curiosidad\" style=\"font-size:16px\">  \u2022 Una distribuci\u00f3n libre, sin recorrido marcado, que permite a sus clientes descubrir cada rinc\u00f3n de la tienda con libertad y curiosidad.<\/h3>\n\n\n\n<h3 class=\"wp-block-heading\" id=\"h-el-uso-de-materiales-locales-y-la-colaboracion-con-pequenos-artesanos-que-han-puesto-todo-su-amor-y-dedicacion-en-cada-detalle-reflejando-el-compromiso-con-la-sostenibilidad-y-la-proximidad\" style=\"font-size:16px\">  \u2022 El uso de materiales locales y la colaboraci\u00f3n con peque\u00f1os artesanos, que han puesto todo su amor y dedicaci\u00f3n en cada detalle, reflejando el compromiso con la sostenibilidad y la proximidad.<\/h3>\n\n\n\n<p>Este proyecto pone de manifiesto que girbaumateu dise\u00f1a y desarrolla <a href=\"https:\/\/www.girbaumateu.com\/es\/2025\/01\/29\/el-estudio-girbaumateo-diseno-de-interiorismo-sostenible-para-ametller-origen\/\">el interiorismo de Ametller Origen<\/a> de una manera extraordinaria. Nada es trivial ni f\u00e1cil: detr\u00e1s de cada decisi\u00f3n existe un magn\u00edfico equipo que trabaja desde el origen del producto hasta el \u00faltimo detalle del dise\u00f1o de la tienda. El estudio girbaumateo ha creado un espacio que no s\u00f3lo es funcional y est\u00e9tico, sino tambi\u00e9n lleno de significado y conexi\u00f3n con los valores de Ametller Origen. De verdad, girbaumateu dise\u00f1a y desarrolla el interiorismo de Ametller Origen con una pasi\u00f3n evidente.<\/p>\n\n\n\n<p>\"Proud\" es la palabra que mejor describe este proyecto.<\/p>\n","protected":false},"excerpt":{"rendered":"<p>El estudio girbaumateu ha dise\u00f1ado y desarrolla el dise\u00f1o del interiorismo de Ametller Origen, creando espacios \u00fanicos que cautivan los sentidos y reflejan la esencia de la marca. La nueva tienda de Sant Feliu de Gu\u00edxols es un claro ejemplo de esta visi\u00f3n, ofreciendo un verdadero espect\u00e1culo de colores, olores y texturas que invitan a &hellip; <\/p>\n<p class=\"link-more\"><a href=\"https:\/\/www.girbaumateu.com\/es\/2025\/01\/30\/el-estudio-girbaumateu-disenando-la-nueva-tienda-de-almendro-origen-en-sant-feliu-de-guixols\/\" class=\"more-link\">Continuar leyendo<span class=\"screen-reader-text\"> \"El estudio girbaumateu: dise\u00f1a y desarrolla el interiorismo Ametller Origen en Sant Feliu de Gu\u00edxols\"<\/span><\/a><\/p>\n","protected":false},"author":1,"featured_media":901,"comment_status":"open","ping_status":"open","sticky":false,"template":"","format":"standard","meta":{"_seopress_robots_primary_cat":"none","_seopress_titles_title":"","_seopress_titles_desc":"","_seopress_robots_index":"","footnotes":""},"categories":[168],"tags":[183,175,188,425,426,172,185,170,179,181,186,445,177],"class_list":["post-1415","post","type-post","status-publish","format-standard","has-post-thumbnail","hentry","category-interiorismo-comercial","tag-arquitectos-especializados-en-retail-es","tag-diseno-almendro-origen","tag-estudio-girbaumateu","tag-experiencia-de-marca-es","tag-experiencia-de-marca-es-2","tag-imagen-de-marca-almendro-origen","tag-imagen-de-marca-ametller-origen-es","tag-interiorismo-almendro-origen","tag-nieves-mateo","tag-proyecto-almendro-origen","tag-proyecto-almendro-origen-es","tag-proyecto-almendro-origen-sant-feliu-de-guixols","tag-quim-girbau-es"],"yoast_head":"<!-- This site is optimized with the Yoast SEO Premium plugin v26.7 (Yoast SEO v27.5) - https:\/\/yoast.com\/product\/yoast-seo-premium-wordpress\/ -->\n<title>girbaumateu dise\u00f1a y desarrolla el interiorismo Ametller Origen<\/title>\n<meta name=\"description\" content=\"El estudio girbaumateu dise\u00f1a y desarrolla el interiorismo Ametller Origen, creando espacios \u00fanicos y desarrollando la experiencia de compra\" \/>\n<meta name=\"robots\" content=\"index, follow, max-snippet:-1, max-image-preview:large, max-video-preview:-1\" \/>\n<link rel=\"canonical\" href=\"https:\/\/www.girbaumateu.com\/es\/2025\/01\/30\/el-estudio-girbaumateu-disenando-la-nueva-tienda-de-almendro-origen-en-sant-feliu-de-guixols\/\" \/>\n<meta property=\"og:locale\" content=\"es_ES\" \/>\n<meta property=\"og:type\" content=\"article\" \/>\n<meta property=\"og:title\" content=\"El estudio girbaumateu: dise\u00f1a y desarrolla el interiorismo Ametller Origen en Sant Feliu de Gu\u00edxols\" \/>\n<meta property=\"og:description\" content=\"El estudio girbaumateu dise\u00f1a y desarrolla el interiorismo Ametller Origen, creando espacios \u00fanicos y desarrollando la experiencia de compra\" \/>\n<meta property=\"og:url\" content=\"https:\/\/www.girbaumateu.com\/es\/2025\/01\/30\/el-estudio-girbaumateu-disenando-la-nueva-tienda-de-almendro-origen-en-sant-feliu-de-guixols\/\" \/>\n<meta property=\"og:site_name\" content=\"girbaumateu\" \/>\n<meta property=\"article:published_time\" content=\"2025-01-30T09:02:53+00:00\" \/>\n<meta property=\"article:modified_time\" content=\"2025-03-04T07:56:57+00:00\" \/>\n<meta property=\"og:image\" content=\"https:\/\/www.girbaumateu.com\/wp-content\/uploads\/2025\/01\/arquitectes-ametller-origen-e1739222350987.jpg\" \/>\n\t<meta property=\"og:image:width\" content=\"1008\" \/>\n\t<meta property=\"og:image:height\" content=\"1108\" \/>\n\t<meta property=\"og:image:type\" content=\"image\/jpeg\" \/>\n<meta name=\"author\" content=\"qgirbau_admin\" \/>\n<meta name=\"twitter:card\" content=\"summary_large_image\" \/>\n<meta name=\"twitter:label1\" content=\"Escrito por\" \/>\n\t<meta name=\"twitter:data1\" content=\"qgirbau_admin\" \/>\n\t<meta name=\"twitter:label2\" content=\"Tiempo de lectura\" \/>\n\t<meta name=\"twitter:data2\" content=\"2 minutos\" \/>\n<script type=\"application\/ld+json\" class=\"yoast-schema-graph\">{\"@context\":\"https:\\\/\\\/schema.org\",\"@graph\":[{\"@type\":\"Article\",\"@id\":\"https:\\\/\\\/www.girbaumateu.com\\\/es\\\/2025\\\/01\\\/30\\\/el-estudio-girbaumateu-disenando-la-nueva-tienda-de-almendro-origen-en-sant-feliu-de-guixols\\\/#article\",\"isPartOf\":{\"@id\":\"https:\\\/\\\/www.girbaumateu.com\\\/es\\\/2025\\\/01\\\/30\\\/el-estudio-girbaumateu-disenando-la-nueva-tienda-de-almendro-origen-en-sant-feliu-de-guixols\\\/\"},\"author\":{\"name\":\"qgirbau_admin\",\"@id\":\"https:\\\/\\\/www.girbaumateu.com\\\/es\\\/#\\\/schema\\\/person\\\/52437600073042e5fd9293c859534cf1\"},\"headline\":\"El estudio girbaumateu: dise\u00f1a y desarrolla el interiorismo Ametller Origen en Sant Feliu de Gu\u00edxols\",\"datePublished\":\"2025-01-30T09:02:53+00:00\",\"dateModified\":\"2025-03-04T07:56:57+00:00\",\"mainEntityOfPage\":{\"@id\":\"https:\\\/\\\/www.girbaumateu.com\\\/es\\\/2025\\\/01\\\/30\\\/el-estudio-girbaumateu-disenando-la-nueva-tienda-de-almendro-origen-en-sant-feliu-de-guixols\\\/\"},\"wordCount\":300,\"commentCount\":0,\"publisher\":{\"@id\":\"https:\\\/\\\/www.girbaumateu.com\\\/es\\\/#organization\"},\"image\":{\"@id\":\"https:\\\/\\\/www.girbaumateu.com\\\/es\\\/2025\\\/01\\\/30\\\/el-estudio-girbaumateu-disenando-la-nueva-tienda-de-almendro-origen-en-sant-feliu-de-guixols\\\/#primaryimage\"},\"thumbnailUrl\":\"https:\\\/\\\/www.girbaumateu.com\\\/wp-content\\\/uploads\\\/2025\\\/01\\\/arquitectes-ametller-origen-e1739222350987.jpg\",\"keywords\":[\"arquitectos especializados en retail\",\"dise\u00f1o almendro origen\",\"estudio girbaumateu\",\"experiencia de marca\",\"experiencia de marca\",\"imagen de marca almendro origen\",\"imagen de marca Ametller Origen\",\"Interiorismo Almendro Origen\",\"Nieves Mateo\",\"proyecto almendro origen\",\"proyecto Almendro Origen\",\"Proyecto Almendro Origen Sant Feliu de Gu\u00edxols\",\"Quim Girbau\"],\"articleSection\":[\"interiorismo comercial\"],\"inLanguage\":\"es\",\"potentialAction\":[{\"@type\":\"CommentAction\",\"name\":\"Comment\",\"target\":[\"https:\\\/\\\/www.girbaumateu.com\\\/es\\\/2025\\\/01\\\/30\\\/el-estudio-girbaumateu-disenando-la-nueva-tienda-de-almendro-origen-en-sant-feliu-de-guixols\\\/#respond\"]}]},{\"@type\":\"WebPage\",\"@id\":\"https:\\\/\\\/www.girbaumateu.com\\\/es\\\/2025\\\/01\\\/30\\\/el-estudio-girbaumateu-disenando-la-nueva-tienda-de-almendro-origen-en-sant-feliu-de-guixols\\\/\",\"url\":\"https:\\\/\\\/www.girbaumateu.com\\\/es\\\/2025\\\/01\\\/30\\\/el-estudio-girbaumateu-disenando-la-nueva-tienda-de-almendro-origen-en-sant-feliu-de-guixols\\\/\",\"name\":\"girbaumateu dise\u00f1a y desarrolla el interiorismo Ametller Origen\",\"isPartOf\":{\"@id\":\"https:\\\/\\\/www.girbaumateu.com\\\/es\\\/#website\"},\"primaryImageOfPage\":{\"@id\":\"https:\\\/\\\/www.girbaumateu.com\\\/es\\\/2025\\\/01\\\/30\\\/el-estudio-girbaumateu-disenando-la-nueva-tienda-de-almendro-origen-en-sant-feliu-de-guixols\\\/#primaryimage\"},\"image\":{\"@id\":\"https:\\\/\\\/www.girbaumateu.com\\\/es\\\/2025\\\/01\\\/30\\\/el-estudio-girbaumateu-disenando-la-nueva-tienda-de-almendro-origen-en-sant-feliu-de-guixols\\\/#primaryimage\"},\"thumbnailUrl\":\"https:\\\/\\\/www.girbaumateu.com\\\/wp-content\\\/uploads\\\/2025\\\/01\\\/arquitectes-ametller-origen-e1739222350987.jpg\",\"datePublished\":\"2025-01-30T09:02:53+00:00\",\"dateModified\":\"2025-03-04T07:56:57+00:00\",\"description\":\"El estudio girbaumateu dise\u00f1a y desarrolla el interiorismo Ametller Origen, creando espacios \u00fanicos y desarrollando la experiencia de compra\",\"breadcrumb\":{\"@id\":\"https:\\\/\\\/www.girbaumateu.com\\\/es\\\/2025\\\/01\\\/30\\\/el-estudio-girbaumateu-disenando-la-nueva-tienda-de-almendro-origen-en-sant-feliu-de-guixols\\\/#breadcrumb\"},\"inLanguage\":\"es\",\"potentialAction\":[{\"@type\":\"ReadAction\",\"target\":[\"https:\\\/\\\/www.girbaumateu.com\\\/es\\\/2025\\\/01\\\/30\\\/el-estudio-girbaumateu-disenando-la-nueva-tienda-de-almendro-origen-en-sant-feliu-de-guixols\\\/\"]}]},{\"@type\":\"ImageObject\",\"inLanguage\":\"es\",\"@id\":\"https:\\\/\\\/www.girbaumateu.com\\\/es\\\/2025\\\/01\\\/30\\\/el-estudio-girbaumateu-disenando-la-nueva-tienda-de-almendro-origen-en-sant-feliu-de-guixols\\\/#primaryimage\",\"url\":\"https:\\\/\\\/www.girbaumateu.com\\\/wp-content\\\/uploads\\\/2025\\\/01\\\/arquitectes-ametller-origen-e1739222350987.jpg\",\"contentUrl\":\"https:\\\/\\\/www.girbaumateu.com\\\/wp-content\\\/uploads\\\/2025\\\/01\\\/arquitectes-ametller-origen-e1739222350987.jpg\",\"width\":1008,\"height\":1108},{\"@type\":\"BreadcrumbList\",\"@id\":\"https:\\\/\\\/www.girbaumateu.com\\\/es\\\/2025\\\/01\\\/30\\\/el-estudio-girbaumateu-disenando-la-nueva-tienda-de-almendro-origen-en-sant-feliu-de-guixols\\\/#breadcrumb\",\"itemListElement\":[{\"@type\":\"ListItem\",\"position\":1,\"name\":\"Portada\",\"item\":\"https:\\\/\\\/www.girbaumateu.com\\\/es\\\/?page_id=1283\"},{\"@type\":\"ListItem\",\"position\":2,\"name\":\"El estudio girbaumateu: dise\u00f1a y desarrolla el interiorismo Ametller Origen en Sant Feliu de Gu\u00edxols\"}]},{\"@type\":\"WebSite\",\"@id\":\"https:\\\/\\\/www.girbaumateu.com\\\/es\\\/#website\",\"url\":\"https:\\\/\\\/www.girbaumateu.com\\\/es\\\/\",\"name\":\"girbaumateu\",\"description\":\"projectes d&#039;edificaci\u00f3 i interiorisme comercial per a empreses\",\"publisher\":{\"@id\":\"https:\\\/\\\/www.girbaumateu.com\\\/es\\\/#organization\"},\"potentialAction\":[{\"@type\":\"SearchAction\",\"target\":{\"@type\":\"EntryPoint\",\"urlTemplate\":\"https:\\\/\\\/www.girbaumateu.com\\\/es\\\/?s={search_term_string}\"},\"query-input\":{\"@type\":\"PropertyValueSpecification\",\"valueRequired\":true,\"valueName\":\"search_term_string\"}}],\"inLanguage\":\"es\"},{\"@type\":\"Organization\",\"@id\":\"https:\\\/\\\/www.girbaumateu.com\\\/es\\\/#organization\",\"name\":\"girbaumateu\",\"url\":\"https:\\\/\\\/www.girbaumateu.com\\\/es\\\/\",\"logo\":{\"@type\":\"ImageObject\",\"inLanguage\":\"es\",\"@id\":\"https:\\\/\\\/www.girbaumateu.com\\\/es\\\/#\\\/schema\\\/logo\\\/image\\\/\",\"url\":\"https:\\\/\\\/www.girbaumateu.com\\\/wp-content\\\/uploads\\\/2024\\\/11\\\/cropped-logo3-removebg-preview.png\",\"contentUrl\":\"https:\\\/\\\/www.girbaumateu.com\\\/wp-content\\\/uploads\\\/2024\\\/11\\\/cropped-logo3-removebg-preview.png\",\"width\":794,\"height\":250,\"caption\":\"girbaumateu\"},\"image\":{\"@id\":\"https:\\\/\\\/www.girbaumateu.com\\\/es\\\/#\\\/schema\\\/logo\\\/image\\\/\"}},{\"@type\":\"Person\",\"@id\":\"https:\\\/\\\/www.girbaumateu.com\\\/es\\\/#\\\/schema\\\/person\\\/52437600073042e5fd9293c859534cf1\",\"name\":\"qgirbau_admin\",\"image\":{\"@type\":\"ImageObject\",\"inLanguage\":\"es\",\"@id\":\"https:\\\/\\\/secure.gravatar.com\\\/avatar\\\/e59140ac0f3e2c7fe598f24f8ff1853feb6254c253019b28c20764f1814c3516?s=96&d=mm&r=g\",\"url\":\"https:\\\/\\\/secure.gravatar.com\\\/avatar\\\/e59140ac0f3e2c7fe598f24f8ff1853feb6254c253019b28c20764f1814c3516?s=96&d=mm&r=g\",\"contentUrl\":\"https:\\\/\\\/secure.gravatar.com\\\/avatar\\\/e59140ac0f3e2c7fe598f24f8ff1853feb6254c253019b28c20764f1814c3516?s=96&d=mm&r=g\",\"caption\":\"qgirbau_admin\"},\"sameAs\":[\"https:\\\/\\\/www.girbaumateu.com\"],\"url\":\"https:\\\/\\\/www.girbaumateu.com\\\/es\\\/author\\\/qgirbau_admin\\\/\"}]}<\/script>\n<!-- \/ Yoast SEO Premium plugin. -->","yoast_head_json":{"title":"girbaumateu dise\u00f1a y desarrolla el interiorismo Ametller Origen","description":"El estudio girbaumateu dise\u00f1a y desarrolla el interiorismo Ametller Origen, creando espacios \u00fanicos y desarrollando la experiencia de compra","robots":{"index":"index","follow":"follow","max-snippet":"max-snippet:-1","max-image-preview":"max-image-preview:large","max-video-preview":"max-video-preview:-1"},"canonical":"https:\/\/www.girbaumateu.com\/es\/2025\/01\/30\/el-estudio-girbaumateu-disenando-la-nueva-tienda-de-almendro-origen-en-sant-feliu-de-guixols\/","og_locale":"es_ES","og_type":"article","og_title":"El estudio girbaumateu: dise\u00f1a y desarrolla el interiorismo Ametller Origen en Sant Feliu de Gu\u00edxols","og_description":"El estudio girbaumateu dise\u00f1a y desarrolla el interiorismo Ametller Origen, creando espacios \u00fanicos y desarrollando la experiencia de compra","og_url":"https:\/\/www.girbaumateu.com\/es\/2025\/01\/30\/el-estudio-girbaumateu-disenando-la-nueva-tienda-de-almendro-origen-en-sant-feliu-de-guixols\/","og_site_name":"girbaumateu","article_published_time":"2025-01-30T09:02:53+00:00","article_modified_time":"2025-03-04T07:56:57+00:00","og_image":[{"width":1008,"height":1108,"url":"https:\/\/www.girbaumateu.com\/wp-content\/uploads\/2025\/01\/arquitectes-ametller-origen-e1739222350987.jpg","type":"image\/jpeg"}],"author":"qgirbau_admin","twitter_card":"summary_large_image","twitter_misc":{"Escrito por":"qgirbau_admin","Tiempo de lectura":"2 minutos"},"schema":{"@context":"https:\/\/schema.org","@graph":[{"@type":"Article","@id":"https:\/\/www.girbaumateu.com\/es\/2025\/01\/30\/el-estudio-girbaumateu-disenando-la-nueva-tienda-de-almendro-origen-en-sant-feliu-de-guixols\/#article","isPartOf":{"@id":"https:\/\/www.girbaumateu.com\/es\/2025\/01\/30\/el-estudio-girbaumateu-disenando-la-nueva-tienda-de-almendro-origen-en-sant-feliu-de-guixols\/"},"author":{"name":"qgirbau_admin","@id":"https:\/\/www.girbaumateu.com\/es\/#\/schema\/person\/52437600073042e5fd9293c859534cf1"},"headline":"El estudio girbaumateu: dise\u00f1a y desarrolla el interiorismo Ametller Origen en Sant Feliu de Gu\u00edxols","datePublished":"2025-01-30T09:02:53+00:00","dateModified":"2025-03-04T07:56:57+00:00","mainEntityOfPage":{"@id":"https:\/\/www.girbaumateu.com\/es\/2025\/01\/30\/el-estudio-girbaumateu-disenando-la-nueva-tienda-de-almendro-origen-en-sant-feliu-de-guixols\/"},"wordCount":300,"commentCount":0,"publisher":{"@id":"https:\/\/www.girbaumateu.com\/es\/#organization"},"image":{"@id":"https:\/\/www.girbaumateu.com\/es\/2025\/01\/30\/el-estudio-girbaumateu-disenando-la-nueva-tienda-de-almendro-origen-en-sant-feliu-de-guixols\/#primaryimage"},"thumbnailUrl":"https:\/\/www.girbaumateu.com\/wp-content\/uploads\/2025\/01\/arquitectes-ametller-origen-e1739222350987.jpg","keywords":["arquitectos especializados en retail","dise\u00f1o almendro origen","estudio girbaumateu","experiencia de marca","experiencia de marca","imagen de marca almendro origen","imagen de marca Ametller Origen","Interiorismo Almendro Origen","Nieves Mateo","proyecto almendro origen","proyecto Almendro Origen","Proyecto Almendro Origen Sant Feliu de Gu\u00edxols","Quim Girbau"],"articleSection":["interiorismo comercial"],"inLanguage":"es","potentialAction":[{"@type":"CommentAction","name":"Comment","target":["https:\/\/www.girbaumateu.com\/es\/2025\/01\/30\/el-estudio-girbaumateu-disenando-la-nueva-tienda-de-almendro-origen-en-sant-feliu-de-guixols\/#respond"]}]},{"@type":"WebPage","@id":"https:\/\/www.girbaumateu.com\/es\/2025\/01\/30\/el-estudio-girbaumateu-disenando-la-nueva-tienda-de-almendro-origen-en-sant-feliu-de-guixols\/","url":"https:\/\/www.girbaumateu.com\/es\/2025\/01\/30\/el-estudio-girbaumateu-disenando-la-nueva-tienda-de-almendro-origen-en-sant-feliu-de-guixols\/","name":"girbaumateu dise\u00f1a y desarrolla el interiorismo Ametller Origen","isPartOf":{"@id":"https:\/\/www.girbaumateu.com\/es\/#website"},"primaryImageOfPage":{"@id":"https:\/\/www.girbaumateu.com\/es\/2025\/01\/30\/el-estudio-girbaumateu-disenando-la-nueva-tienda-de-almendro-origen-en-sant-feliu-de-guixols\/#primaryimage"},"image":{"@id":"https:\/\/www.girbaumateu.com\/es\/2025\/01\/30\/el-estudio-girbaumateu-disenando-la-nueva-tienda-de-almendro-origen-en-sant-feliu-de-guixols\/#primaryimage"},"thumbnailUrl":"https:\/\/www.girbaumateu.com\/wp-content\/uploads\/2025\/01\/arquitectes-ametller-origen-e1739222350987.jpg","datePublished":"2025-01-30T09:02:53+00:00","dateModified":"2025-03-04T07:56:57+00:00","description":"El estudio girbaumateu dise\u00f1a y desarrolla el interiorismo Ametller Origen, creando espacios \u00fanicos y desarrollando la experiencia de compra","breadcrumb":{"@id":"https:\/\/www.girbaumateu.com\/es\/2025\/01\/30\/el-estudio-girbaumateu-disenando-la-nueva-tienda-de-almendro-origen-en-sant-feliu-de-guixols\/#breadcrumb"},"inLanguage":"es","potentialAction":[{"@type":"ReadAction","target":["https:\/\/www.girbaumateu.com\/es\/2025\/01\/30\/el-estudio-girbaumateu-disenando-la-nueva-tienda-de-almendro-origen-en-sant-feliu-de-guixols\/"]}]},{"@type":"ImageObject","inLanguage":"es","@id":"https:\/\/www.girbaumateu.com\/es\/2025\/01\/30\/el-estudio-girbaumateu-disenando-la-nueva-tienda-de-almendro-origen-en-sant-feliu-de-guixols\/#primaryimage","url":"https:\/\/www.girbaumateu.com\/wp-content\/uploads\/2025\/01\/arquitectes-ametller-origen-e1739222350987.jpg","contentUrl":"https:\/\/www.girbaumateu.com\/wp-content\/uploads\/2025\/01\/arquitectes-ametller-origen-e1739222350987.jpg","width":1008,"height":1108},{"@type":"BreadcrumbList","@id":"https:\/\/www.girbaumateu.com\/es\/2025\/01\/30\/el-estudio-girbaumateu-disenando-la-nueva-tienda-de-almendro-origen-en-sant-feliu-de-guixols\/#breadcrumb","itemListElement":[{"@type":"ListItem","position":1,"name":"Portada","item":"https:\/\/www.girbaumateu.com\/es\/?page_id=1283"},{"@type":"ListItem","position":2,"name":"El estudio girbaumateu: dise\u00f1a y desarrolla el interiorismo Ametller Origen en Sant Feliu de Gu\u00edxols"}]},{"@type":"WebSite","@id":"https:\/\/www.girbaumateu.com\/es\/#website","url":"https:\/\/www.girbaumateu.com\/es\/","name":"girbaumateu","description":"projectes d&#039;edificaci\u00f3 i interiorisme comercial per a empreses","publisher":{"@id":"https:\/\/www.girbaumateu.com\/es\/#organization"},"potentialAction":[{"@type":"SearchAction","target":{"@type":"EntryPoint","urlTemplate":"https:\/\/www.girbaumateu.com\/es\/?s={search_term_string}"},"query-input":{"@type":"PropertyValueSpecification","valueRequired":true,"valueName":"search_term_string"}}],"inLanguage":"es"},{"@type":"Organization","@id":"https:\/\/www.girbaumateu.com\/es\/#organization","name":"girbaumateu","url":"https:\/\/www.girbaumateu.com\/es\/","logo":{"@type":"ImageObject","inLanguage":"es","@id":"https:\/\/www.girbaumateu.com\/es\/#\/schema\/logo\/image\/","url":"https:\/\/www.girbaumateu.com\/wp-content\/uploads\/2024\/11\/cropped-logo3-removebg-preview.png","contentUrl":"https:\/\/www.girbaumateu.com\/wp-content\/uploads\/2024\/11\/cropped-logo3-removebg-preview.png","width":794,"height":250,"caption":"girbaumateu"},"image":{"@id":"https:\/\/www.girbaumateu.com\/es\/#\/schema\/logo\/image\/"}},{"@type":"Person","@id":"https:\/\/www.girbaumateu.com\/es\/#\/schema\/person\/52437600073042e5fd9293c859534cf1","name":"qgirbau_admin","image":{"@type":"ImageObject","inLanguage":"es","@id":"https:\/\/secure.gravatar.com\/avatar\/e59140ac0f3e2c7fe598f24f8ff1853feb6254c253019b28c20764f1814c3516?s=96&d=mm&r=g","url":"https:\/\/secure.gravatar.com\/avatar\/e59140ac0f3e2c7fe598f24f8ff1853feb6254c253019b28c20764f1814c3516?s=96&d=mm&r=g","contentUrl":"https:\/\/secure.gravatar.com\/avatar\/e59140ac0f3e2c7fe598f24f8ff1853feb6254c253019b28c20764f1814c3516?s=96&d=mm&r=g","caption":"qgirbau_admin"},"sameAs":["https:\/\/www.girbaumateu.com"],"url":"https:\/\/www.girbaumateu.com\/es\/author\/qgirbau_admin\/"}]}},"featured_image_src":"https:\/\/www.girbaumateu.com\/wp-content\/uploads\/2025\/01\/arquitectes-ametller-origen-e1739222350987-600x400.jpg","featured_image_src_square":"https:\/\/www.girbaumateu.com\/wp-content\/uploads\/2025\/01\/arquitectes-ametller-origen-e1739222350987-600x600.jpg","author_info":{"display_name":"qgirbau_admin","author_link":"https:\/\/www.girbaumateu.com\/es\/author\/qgirbau_admin\/"},"_links":{"self":[{"href":"https:\/\/www.girbaumateu.com\/es\/wp-json\/wp\/v2\/posts\/1415","targetHints":{"allow":["GET"]}}],"collection":[{"href":"https:\/\/www.girbaumateu.com\/es\/wp-json\/wp\/v2\/posts"}],"about":[{"href":"https:\/\/www.girbaumateu.com\/es\/wp-json\/wp\/v2\/types\/post"}],"author":[{"embeddable":true,"href":"https:\/\/www.girbaumateu.com\/es\/wp-json\/wp\/v2\/users\/1"}],"replies":[{"embeddable":true,"href":"https:\/\/www.girbaumateu.com\/es\/wp-json\/wp\/v2\/comments?post=1415"}],"version-history":[{"count":5,"href":"https:\/\/www.girbaumateu.com\/es\/wp-json\/wp\/v2\/posts\/1415\/revisions"}],"predecessor-version":[{"id":1570,"href":"https:\/\/www.girbaumateu.com\/es\/wp-json\/wp\/v2\/posts\/1415\/revisions\/1570"}],"wp:featuredmedia":[{"embeddable":true,"href":"https:\/\/www.girbaumateu.com\/es\/wp-json\/wp\/v2\/media\/901"}],"wp:attachment":[{"href":"https:\/\/www.girbaumateu.com\/es\/wp-json\/wp\/v2\/media?parent=1415"}],"wp:term":[{"taxonomy":"category","embeddable":true,"href":"https:\/\/www.girbaumateu.com\/es\/wp-json\/wp\/v2\/categories?post=1415"},{"taxonomy":"post_tag","embeddable":true,"href":"https:\/\/www.girbaumateu.com\/es\/wp-json\/wp\/v2\/tags?post=1415"}],"curies":[{"name":"wp","href":"https:\/\/api.w.org\/{rel}","templated":true}]}}