{"id":1458,"date":"2025-01-30T10:17:59","date_gmt":"2025-01-30T09:17:59","guid":{"rendered":"https:\/\/www.girbaumateu.com\/2025\/01\/30\/el-estudio-girbaumateu-disenando-la-nueva-tienda-de-ametller-origen-en-la-bisbal-de-lemporda\/"},"modified":"2025-03-04T12:33:49","modified_gmt":"2025-03-04T11:33:49","slug":"el-estudio-girbaumateu-disenando-la-nueva-tienda-de-ametller-origen-en-la-bisbal-de-lemporda","status":"publish","type":"post","link":"https:\/\/www.girbaumateu.com\/es\/2025\/01\/30\/el-estudio-girbaumateu-disenando-la-nueva-tienda-de-ametller-origen-en-la-bisbal-de-lemporda\/","title":{"rendered":"El estudio girbaumateu: dise\u00f1ando la nueva tienda de Ametller Origen en La Bisbal de l&#8217;Empord\u00e0"},"content":{"rendered":"\n<p>El estudio girbaumateu ha dise\u00f1ado y desarrolla el dise\u00f1o del interiorismo de Ametller Origen, creando espacios \u00fanicos que combinan funcionalidad, est\u00e9tica y una experiencia de compra inolvidable. La nueva tienda de La Bisbal de l&#8217;Empord\u00e0 es una muestra espectacular de esta visi\u00f3n, cuyo dise\u00f1o sorprende y cautiva desde el primer momento. <\/p>\n\n\n\n<p>Esta tienda ofrece:<\/p>\n\n\n\n<p>  \u2022 Una entrada ic\u00f3nica con cafeter\u00eda y panader\u00eda de <a href=\"http:\/\/www.casamoner.com\/\">CASAMONER<\/a> , que invita a empezar el d\u00eda con energ\u00eda.<\/p>\n\n\n\n<p>  \u2022 Una oferta de productos frescos y de calidad, pensada para disfrutarla al m\u00e1ximo.<\/p>\n\n\n\n<p>\u2022 Espacios especializados como una carnicer\u00eda impresionante, sushi preparado al momento y un ambiente m\u00e1gico que hace que el cliente conecte con la esencia de Ametller Origen.<\/p>\n\n\n\n<p>Este proyecto no es fruto de la casualidad. Detr\u00e1s hay un equipo excepcional, en el que cada miembro aporta el m\u00e1ximo para crear una sinergia \u00fanica. El estudio girbaumateo, como responsable del dise\u00f1o de interiorismo y la imagen de marca de Ametller Origen, ha logrado transformar este espacio en una experiencia que parece flotar sin tocar el suelo.  <\/p>\n\n\n\n<p>La nueva tienda de La Bisbal de l&#8217;Empord\u00e0 le impresionar\u00e1: \u00a1no se la pierdan!<\/p>\n","protected":false},"excerpt":{"rendered":"<p>El estudio girbaumateu ha dise\u00f1ado y desarrolla el dise\u00f1o del interiorismo de Ametller Origen, creando espacios \u00fanicos que combinan funcionalidad, est\u00e9tica y una experiencia de compra inolvidable. La nueva tienda de La Bisbal de l&#8217;Empord\u00e0 es una muestra espectacular de esta visi\u00f3n, cuyo dise\u00f1o sorprende y cautiva desde el primer momento. Esta tienda ofrece: \u2022 &hellip; <\/p>\n<p class=\"link-more\"><a href=\"https:\/\/www.girbaumateu.com\/es\/2025\/01\/30\/el-estudio-girbaumateu-disenando-la-nueva-tienda-de-ametller-origen-en-la-bisbal-de-lemporda\/\" class=\"more-link\">Continuar leyendo<span class=\"screen-reader-text\"> \"El estudio girbaumateu: dise\u00f1ando la nueva tienda de Ametller Origen en La Bisbal de l&#8217;Empord\u00e0\"<\/span><\/a><\/p>\n","protected":false},"author":1,"featured_media":925,"comment_status":"open","ping_status":"open","sticky":false,"template":"","format":"standard","meta":{"_seopress_robots_primary_cat":"none","_seopress_titles_title":"","_seopress_titles_desc":"","_seopress_robots_index":"","footnotes":""},"categories":[1],"tags":[183,175,188,172,185,170,179,181,186,177],"class_list":["post-1458","post","type-post","status-publish","format-standard","has-post-thumbnail","hentry","category-sin-categoria","tag-arquitectos-especializados-en-retail-es","tag-diseno-almendro-origen","tag-estudio-girbaumateu","tag-imagen-de-marca-almendro-origen","tag-imagen-de-marca-ametller-origen-es","tag-interiorismo-almendro-origen","tag-nieves-mateo","tag-proyecto-almendro-origen","tag-proyecto-almendro-origen-es","tag-quim-girbau-es"],"yoast_head":"<!-- This site is optimized with the Yoast SEO Premium plugin v26.7 (Yoast SEO v27.5) - https:\/\/yoast.com\/product\/yoast-seo-premium-wordpress\/ -->\n<title>girbaumateu arquitectos del proyecto Ametller Origen<\/title>\n<meta name=\"description\" content=\"Girbaumateu, el estudio de arquitectos especializados en retail, arquitectos del proyecto de retail para Ametller Origen\" \/>\n<meta name=\"robots\" content=\"index, follow, max-snippet:-1, max-image-preview:large, max-video-preview:-1\" \/>\n<link rel=\"canonical\" href=\"https:\/\/www.girbaumateu.com\/es\/2025\/01\/30\/el-estudio-girbaumateu-disenando-la-nueva-tienda-de-ametller-origen-en-la-bisbal-de-lemporda\/\" \/>\n<meta property=\"og:locale\" content=\"es_ES\" \/>\n<meta property=\"og:type\" content=\"article\" \/>\n<meta property=\"og:title\" content=\"El estudio girbaumateu: dise\u00f1ando la nueva tienda de Ametller Origen en La Bisbal de l&#039;Empord\u00e0\" \/>\n<meta property=\"og:description\" content=\"Girbaumateu, el estudio de arquitectos especializados en retail, arquitectos del proyecto de retail para Ametller Origen\" \/>\n<meta property=\"og:url\" content=\"https:\/\/www.girbaumateu.com\/es\/2025\/01\/30\/el-estudio-girbaumateu-disenando-la-nueva-tienda-de-ametller-origen-en-la-bisbal-de-lemporda\/\" \/>\n<meta property=\"og:site_name\" content=\"girbaumateu\" \/>\n<meta property=\"article:published_time\" content=\"2025-01-30T09:17:59+00:00\" \/>\n<meta property=\"article:modified_time\" content=\"2025-03-04T11:33:49+00:00\" \/>\n<meta property=\"og:image\" content=\"https:\/\/www.girbaumateu.com\/wp-content\/uploads\/2025\/01\/experiencia-ametller-origen-e1739222072262.jpg\" \/>\n\t<meta property=\"og:image:width\" content=\"1110\" \/>\n\t<meta property=\"og:image:height\" content=\"1108\" \/>\n\t<meta property=\"og:image:type\" content=\"image\/jpeg\" \/>\n<meta name=\"author\" content=\"qgirbau_admin\" \/>\n<meta name=\"twitter:card\" content=\"summary_large_image\" \/>\n<meta name=\"twitter:label1\" content=\"Escrito por\" \/>\n\t<meta name=\"twitter:data1\" content=\"qgirbau_admin\" \/>\n\t<meta name=\"twitter:label2\" content=\"Tiempo de lectura\" \/>\n\t<meta name=\"twitter:data2\" content=\"2 minutos\" \/>\n<script type=\"application\/ld+json\" class=\"yoast-schema-graph\">{\"@context\":\"https:\\\/\\\/schema.org\",\"@graph\":[{\"@type\":\"Article\",\"@id\":\"https:\\\/\\\/www.girbaumateu.com\\\/es\\\/2025\\\/01\\\/30\\\/el-estudio-girbaumateu-disenando-la-nueva-tienda-de-ametller-origen-en-la-bisbal-de-lemporda\\\/#article\",\"isPartOf\":{\"@id\":\"https:\\\/\\\/www.girbaumateu.com\\\/es\\\/2025\\\/01\\\/30\\\/el-estudio-girbaumateu-disenando-la-nueva-tienda-de-ametller-origen-en-la-bisbal-de-lemporda\\\/\"},\"author\":{\"name\":\"qgirbau_admin\",\"@id\":\"https:\\\/\\\/www.girbaumateu.com\\\/es\\\/#\\\/schema\\\/person\\\/52437600073042e5fd9293c859534cf1\"},\"headline\":\"El estudio girbaumateu: dise\u00f1ando la nueva tienda de Ametller Origen en La Bisbal de l&#8217;Empord\u00e0\",\"datePublished\":\"2025-01-30T09:17:59+00:00\",\"dateModified\":\"2025-03-04T11:33:49+00:00\",\"mainEntityOfPage\":{\"@id\":\"https:\\\/\\\/www.girbaumateu.com\\\/es\\\/2025\\\/01\\\/30\\\/el-estudio-girbaumateu-disenando-la-nueva-tienda-de-ametller-origen-en-la-bisbal-de-lemporda\\\/\"},\"wordCount\":214,\"commentCount\":0,\"publisher\":{\"@id\":\"https:\\\/\\\/www.girbaumateu.com\\\/es\\\/#organization\"},\"image\":{\"@id\":\"https:\\\/\\\/www.girbaumateu.com\\\/es\\\/2025\\\/01\\\/30\\\/el-estudio-girbaumateu-disenando-la-nueva-tienda-de-ametller-origen-en-la-bisbal-de-lemporda\\\/#primaryimage\"},\"thumbnailUrl\":\"https:\\\/\\\/www.girbaumateu.com\\\/wp-content\\\/uploads\\\/2025\\\/01\\\/experiencia-ametller-origen-e1739222072262.jpg\",\"keywords\":[\"arquitectos especializados en retail\",\"dise\u00f1o almendro origen\",\"estudio girbaumateu\",\"imagen de marca almendro origen\",\"imagen de marca Ametller Origen\",\"Interiorismo Almendro Origen\",\"Nieves Mateo\",\"proyecto almendro origen\",\"proyecto Almendro Origen\",\"Quim Girbau\"],\"inLanguage\":\"es\",\"potentialAction\":[{\"@type\":\"CommentAction\",\"name\":\"Comment\",\"target\":[\"https:\\\/\\\/www.girbaumateu.com\\\/es\\\/2025\\\/01\\\/30\\\/el-estudio-girbaumateu-disenando-la-nueva-tienda-de-ametller-origen-en-la-bisbal-de-lemporda\\\/#respond\"]}]},{\"@type\":\"WebPage\",\"@id\":\"https:\\\/\\\/www.girbaumateu.com\\\/es\\\/2025\\\/01\\\/30\\\/el-estudio-girbaumateu-disenando-la-nueva-tienda-de-ametller-origen-en-la-bisbal-de-lemporda\\\/\",\"url\":\"https:\\\/\\\/www.girbaumateu.com\\\/es\\\/2025\\\/01\\\/30\\\/el-estudio-girbaumateu-disenando-la-nueva-tienda-de-ametller-origen-en-la-bisbal-de-lemporda\\\/\",\"name\":\"girbaumateu arquitectos del proyecto Ametller Origen\",\"isPartOf\":{\"@id\":\"https:\\\/\\\/www.girbaumateu.com\\\/es\\\/#website\"},\"primaryImageOfPage\":{\"@id\":\"https:\\\/\\\/www.girbaumateu.com\\\/es\\\/2025\\\/01\\\/30\\\/el-estudio-girbaumateu-disenando-la-nueva-tienda-de-ametller-origen-en-la-bisbal-de-lemporda\\\/#primaryimage\"},\"image\":{\"@id\":\"https:\\\/\\\/www.girbaumateu.com\\\/es\\\/2025\\\/01\\\/30\\\/el-estudio-girbaumateu-disenando-la-nueva-tienda-de-ametller-origen-en-la-bisbal-de-lemporda\\\/#primaryimage\"},\"thumbnailUrl\":\"https:\\\/\\\/www.girbaumateu.com\\\/wp-content\\\/uploads\\\/2025\\\/01\\\/experiencia-ametller-origen-e1739222072262.jpg\",\"datePublished\":\"2025-01-30T09:17:59+00:00\",\"dateModified\":\"2025-03-04T11:33:49+00:00\",\"description\":\"Girbaumateu, el estudio de arquitectos especializados en retail, arquitectos del proyecto de retail para Ametller Origen\",\"breadcrumb\":{\"@id\":\"https:\\\/\\\/www.girbaumateu.com\\\/es\\\/2025\\\/01\\\/30\\\/el-estudio-girbaumateu-disenando-la-nueva-tienda-de-ametller-origen-en-la-bisbal-de-lemporda\\\/#breadcrumb\"},\"inLanguage\":\"es\",\"potentialAction\":[{\"@type\":\"ReadAction\",\"target\":[\"https:\\\/\\\/www.girbaumateu.com\\\/es\\\/2025\\\/01\\\/30\\\/el-estudio-girbaumateu-disenando-la-nueva-tienda-de-ametller-origen-en-la-bisbal-de-lemporda\\\/\"]}]},{\"@type\":\"ImageObject\",\"inLanguage\":\"es\",\"@id\":\"https:\\\/\\\/www.girbaumateu.com\\\/es\\\/2025\\\/01\\\/30\\\/el-estudio-girbaumateu-disenando-la-nueva-tienda-de-ametller-origen-en-la-bisbal-de-lemporda\\\/#primaryimage\",\"url\":\"https:\\\/\\\/www.girbaumateu.com\\\/wp-content\\\/uploads\\\/2025\\\/01\\\/experiencia-ametller-origen-e1739222072262.jpg\",\"contentUrl\":\"https:\\\/\\\/www.girbaumateu.com\\\/wp-content\\\/uploads\\\/2025\\\/01\\\/experiencia-ametller-origen-e1739222072262.jpg\",\"width\":1110,\"height\":1108},{\"@type\":\"BreadcrumbList\",\"@id\":\"https:\\\/\\\/www.girbaumateu.com\\\/es\\\/2025\\\/01\\\/30\\\/el-estudio-girbaumateu-disenando-la-nueva-tienda-de-ametller-origen-en-la-bisbal-de-lemporda\\\/#breadcrumb\",\"itemListElement\":[{\"@type\":\"ListItem\",\"position\":1,\"name\":\"Portada\",\"item\":\"https:\\\/\\\/www.girbaumateu.com\\\/es\\\/?page_id=1283\"},{\"@type\":\"ListItem\",\"position\":2,\"name\":\"El estudio girbaumateu: dise\u00f1ando la nueva tienda de Ametller Origen en La Bisbal de l&#8217;Empord\u00e0\"}]},{\"@type\":\"WebSite\",\"@id\":\"https:\\\/\\\/www.girbaumateu.com\\\/es\\\/#website\",\"url\":\"https:\\\/\\\/www.girbaumateu.com\\\/es\\\/\",\"name\":\"girbaumateu\",\"description\":\"projectes d&#039;edificaci\u00f3 i interiorisme comercial per a empreses\",\"publisher\":{\"@id\":\"https:\\\/\\\/www.girbaumateu.com\\\/es\\\/#organization\"},\"potentialAction\":[{\"@type\":\"SearchAction\",\"target\":{\"@type\":\"EntryPoint\",\"urlTemplate\":\"https:\\\/\\\/www.girbaumateu.com\\\/es\\\/?s={search_term_string}\"},\"query-input\":{\"@type\":\"PropertyValueSpecification\",\"valueRequired\":true,\"valueName\":\"search_term_string\"}}],\"inLanguage\":\"es\"},{\"@type\":\"Organization\",\"@id\":\"https:\\\/\\\/www.girbaumateu.com\\\/es\\\/#organization\",\"name\":\"girbaumateu\",\"url\":\"https:\\\/\\\/www.girbaumateu.com\\\/es\\\/\",\"logo\":{\"@type\":\"ImageObject\",\"inLanguage\":\"es\",\"@id\":\"https:\\\/\\\/www.girbaumateu.com\\\/es\\\/#\\\/schema\\\/logo\\\/image\\\/\",\"url\":\"https:\\\/\\\/www.girbaumateu.com\\\/wp-content\\\/uploads\\\/2024\\\/11\\\/cropped-logo3-removebg-preview.png\",\"contentUrl\":\"https:\\\/\\\/www.girbaumateu.com\\\/wp-content\\\/uploads\\\/2024\\\/11\\\/cropped-logo3-removebg-preview.png\",\"width\":794,\"height\":250,\"caption\":\"girbaumateu\"},\"image\":{\"@id\":\"https:\\\/\\\/www.girbaumateu.com\\\/es\\\/#\\\/schema\\\/logo\\\/image\\\/\"}},{\"@type\":\"Person\",\"@id\":\"https:\\\/\\\/www.girbaumateu.com\\\/es\\\/#\\\/schema\\\/person\\\/52437600073042e5fd9293c859534cf1\",\"name\":\"qgirbau_admin\",\"image\":{\"@type\":\"ImageObject\",\"inLanguage\":\"es\",\"@id\":\"https:\\\/\\\/secure.gravatar.com\\\/avatar\\\/e59140ac0f3e2c7fe598f24f8ff1853feb6254c253019b28c20764f1814c3516?s=96&d=mm&r=g\",\"url\":\"https:\\\/\\\/secure.gravatar.com\\\/avatar\\\/e59140ac0f3e2c7fe598f24f8ff1853feb6254c253019b28c20764f1814c3516?s=96&d=mm&r=g\",\"contentUrl\":\"https:\\\/\\\/secure.gravatar.com\\\/avatar\\\/e59140ac0f3e2c7fe598f24f8ff1853feb6254c253019b28c20764f1814c3516?s=96&d=mm&r=g\",\"caption\":\"qgirbau_admin\"},\"sameAs\":[\"https:\\\/\\\/www.girbaumateu.com\"],\"url\":\"https:\\\/\\\/www.girbaumateu.com\\\/es\\\/author\\\/qgirbau_admin\\\/\"}]}<\/script>\n<!-- \/ Yoast SEO Premium plugin. -->","yoast_head_json":{"title":"girbaumateu arquitectos del proyecto Ametller Origen","description":"Girbaumateu, el estudio de arquitectos especializados en retail, arquitectos del proyecto de retail para Ametller Origen","robots":{"index":"index","follow":"follow","max-snippet":"max-snippet:-1","max-image-preview":"max-image-preview:large","max-video-preview":"max-video-preview:-1"},"canonical":"https:\/\/www.girbaumateu.com\/es\/2025\/01\/30\/el-estudio-girbaumateu-disenando-la-nueva-tienda-de-ametller-origen-en-la-bisbal-de-lemporda\/","og_locale":"es_ES","og_type":"article","og_title":"El estudio girbaumateu: dise\u00f1ando la nueva tienda de Ametller Origen en La Bisbal de l'Empord\u00e0","og_description":"Girbaumateu, el estudio de arquitectos especializados en retail, arquitectos del proyecto de retail para Ametller Origen","og_url":"https:\/\/www.girbaumateu.com\/es\/2025\/01\/30\/el-estudio-girbaumateu-disenando-la-nueva-tienda-de-ametller-origen-en-la-bisbal-de-lemporda\/","og_site_name":"girbaumateu","article_published_time":"2025-01-30T09:17:59+00:00","article_modified_time":"2025-03-04T11:33:49+00:00","og_image":[{"width":1110,"height":1108,"url":"https:\/\/www.girbaumateu.com\/wp-content\/uploads\/2025\/01\/experiencia-ametller-origen-e1739222072262.jpg","type":"image\/jpeg"}],"author":"qgirbau_admin","twitter_card":"summary_large_image","twitter_misc":{"Escrito por":"qgirbau_admin","Tiempo de lectura":"2 minutos"},"schema":{"@context":"https:\/\/schema.org","@graph":[{"@type":"Article","@id":"https:\/\/www.girbaumateu.com\/es\/2025\/01\/30\/el-estudio-girbaumateu-disenando-la-nueva-tienda-de-ametller-origen-en-la-bisbal-de-lemporda\/#article","isPartOf":{"@id":"https:\/\/www.girbaumateu.com\/es\/2025\/01\/30\/el-estudio-girbaumateu-disenando-la-nueva-tienda-de-ametller-origen-en-la-bisbal-de-lemporda\/"},"author":{"name":"qgirbau_admin","@id":"https:\/\/www.girbaumateu.com\/es\/#\/schema\/person\/52437600073042e5fd9293c859534cf1"},"headline":"El estudio girbaumateu: dise\u00f1ando la nueva tienda de Ametller Origen en La Bisbal de l&#8217;Empord\u00e0","datePublished":"2025-01-30T09:17:59+00:00","dateModified":"2025-03-04T11:33:49+00:00","mainEntityOfPage":{"@id":"https:\/\/www.girbaumateu.com\/es\/2025\/01\/30\/el-estudio-girbaumateu-disenando-la-nueva-tienda-de-ametller-origen-en-la-bisbal-de-lemporda\/"},"wordCount":214,"commentCount":0,"publisher":{"@id":"https:\/\/www.girbaumateu.com\/es\/#organization"},"image":{"@id":"https:\/\/www.girbaumateu.com\/es\/2025\/01\/30\/el-estudio-girbaumateu-disenando-la-nueva-tienda-de-ametller-origen-en-la-bisbal-de-lemporda\/#primaryimage"},"thumbnailUrl":"https:\/\/www.girbaumateu.com\/wp-content\/uploads\/2025\/01\/experiencia-ametller-origen-e1739222072262.jpg","keywords":["arquitectos especializados en retail","dise\u00f1o almendro origen","estudio girbaumateu","imagen de marca almendro origen","imagen de marca Ametller Origen","Interiorismo Almendro Origen","Nieves Mateo","proyecto almendro origen","proyecto Almendro Origen","Quim Girbau"],"inLanguage":"es","potentialAction":[{"@type":"CommentAction","name":"Comment","target":["https:\/\/www.girbaumateu.com\/es\/2025\/01\/30\/el-estudio-girbaumateu-disenando-la-nueva-tienda-de-ametller-origen-en-la-bisbal-de-lemporda\/#respond"]}]},{"@type":"WebPage","@id":"https:\/\/www.girbaumateu.com\/es\/2025\/01\/30\/el-estudio-girbaumateu-disenando-la-nueva-tienda-de-ametller-origen-en-la-bisbal-de-lemporda\/","url":"https:\/\/www.girbaumateu.com\/es\/2025\/01\/30\/el-estudio-girbaumateu-disenando-la-nueva-tienda-de-ametller-origen-en-la-bisbal-de-lemporda\/","name":"girbaumateu arquitectos del proyecto Ametller Origen","isPartOf":{"@id":"https:\/\/www.girbaumateu.com\/es\/#website"},"primaryImageOfPage":{"@id":"https:\/\/www.girbaumateu.com\/es\/2025\/01\/30\/el-estudio-girbaumateu-disenando-la-nueva-tienda-de-ametller-origen-en-la-bisbal-de-lemporda\/#primaryimage"},"image":{"@id":"https:\/\/www.girbaumateu.com\/es\/2025\/01\/30\/el-estudio-girbaumateu-disenando-la-nueva-tienda-de-ametller-origen-en-la-bisbal-de-lemporda\/#primaryimage"},"thumbnailUrl":"https:\/\/www.girbaumateu.com\/wp-content\/uploads\/2025\/01\/experiencia-ametller-origen-e1739222072262.jpg","datePublished":"2025-01-30T09:17:59+00:00","dateModified":"2025-03-04T11:33:49+00:00","description":"Girbaumateu, el estudio de arquitectos especializados en retail, arquitectos del proyecto de retail para Ametller Origen","breadcrumb":{"@id":"https:\/\/www.girbaumateu.com\/es\/2025\/01\/30\/el-estudio-girbaumateu-disenando-la-nueva-tienda-de-ametller-origen-en-la-bisbal-de-lemporda\/#breadcrumb"},"inLanguage":"es","potentialAction":[{"@type":"ReadAction","target":["https:\/\/www.girbaumateu.com\/es\/2025\/01\/30\/el-estudio-girbaumateu-disenando-la-nueva-tienda-de-ametller-origen-en-la-bisbal-de-lemporda\/"]}]},{"@type":"ImageObject","inLanguage":"es","@id":"https:\/\/www.girbaumateu.com\/es\/2025\/01\/30\/el-estudio-girbaumateu-disenando-la-nueva-tienda-de-ametller-origen-en-la-bisbal-de-lemporda\/#primaryimage","url":"https:\/\/www.girbaumateu.com\/wp-content\/uploads\/2025\/01\/experiencia-ametller-origen-e1739222072262.jpg","contentUrl":"https:\/\/www.girbaumateu.com\/wp-content\/uploads\/2025\/01\/experiencia-ametller-origen-e1739222072262.jpg","width":1110,"height":1108},{"@type":"BreadcrumbList","@id":"https:\/\/www.girbaumateu.com\/es\/2025\/01\/30\/el-estudio-girbaumateu-disenando-la-nueva-tienda-de-ametller-origen-en-la-bisbal-de-lemporda\/#breadcrumb","itemListElement":[{"@type":"ListItem","position":1,"name":"Portada","item":"https:\/\/www.girbaumateu.com\/es\/?page_id=1283"},{"@type":"ListItem","position":2,"name":"El estudio girbaumateu: dise\u00f1ando la nueva tienda de Ametller Origen en La Bisbal de l&#8217;Empord\u00e0"}]},{"@type":"WebSite","@id":"https:\/\/www.girbaumateu.com\/es\/#website","url":"https:\/\/www.girbaumateu.com\/es\/","name":"girbaumateu","description":"projectes d&#039;edificaci\u00f3 i interiorisme comercial per a empreses","publisher":{"@id":"https:\/\/www.girbaumateu.com\/es\/#organization"},"potentialAction":[{"@type":"SearchAction","target":{"@type":"EntryPoint","urlTemplate":"https:\/\/www.girbaumateu.com\/es\/?s={search_term_string}"},"query-input":{"@type":"PropertyValueSpecification","valueRequired":true,"valueName":"search_term_string"}}],"inLanguage":"es"},{"@type":"Organization","@id":"https:\/\/www.girbaumateu.com\/es\/#organization","name":"girbaumateu","url":"https:\/\/www.girbaumateu.com\/es\/","logo":{"@type":"ImageObject","inLanguage":"es","@id":"https:\/\/www.girbaumateu.com\/es\/#\/schema\/logo\/image\/","url":"https:\/\/www.girbaumateu.com\/wp-content\/uploads\/2024\/11\/cropped-logo3-removebg-preview.png","contentUrl":"https:\/\/www.girbaumateu.com\/wp-content\/uploads\/2024\/11\/cropped-logo3-removebg-preview.png","width":794,"height":250,"caption":"girbaumateu"},"image":{"@id":"https:\/\/www.girbaumateu.com\/es\/#\/schema\/logo\/image\/"}},{"@type":"Person","@id":"https:\/\/www.girbaumateu.com\/es\/#\/schema\/person\/52437600073042e5fd9293c859534cf1","name":"qgirbau_admin","image":{"@type":"ImageObject","inLanguage":"es","@id":"https:\/\/secure.gravatar.com\/avatar\/e59140ac0f3e2c7fe598f24f8ff1853feb6254c253019b28c20764f1814c3516?s=96&d=mm&r=g","url":"https:\/\/secure.gravatar.com\/avatar\/e59140ac0f3e2c7fe598f24f8ff1853feb6254c253019b28c20764f1814c3516?s=96&d=mm&r=g","contentUrl":"https:\/\/secure.gravatar.com\/avatar\/e59140ac0f3e2c7fe598f24f8ff1853feb6254c253019b28c20764f1814c3516?s=96&d=mm&r=g","caption":"qgirbau_admin"},"sameAs":["https:\/\/www.girbaumateu.com"],"url":"https:\/\/www.girbaumateu.com\/es\/author\/qgirbau_admin\/"}]}},"featured_image_src":"https:\/\/www.girbaumateu.com\/wp-content\/uploads\/2025\/01\/experiencia-ametller-origen-e1739222072262-600x400.jpg","featured_image_src_square":"https:\/\/www.girbaumateu.com\/wp-content\/uploads\/2025\/01\/experiencia-ametller-origen-e1739222072262-600x600.jpg","author_info":{"display_name":"qgirbau_admin","author_link":"https:\/\/www.girbaumateu.com\/es\/author\/qgirbau_admin\/"},"_links":{"self":[{"href":"https:\/\/www.girbaumateu.com\/es\/wp-json\/wp\/v2\/posts\/1458","targetHints":{"allow":["GET"]}}],"collection":[{"href":"https:\/\/www.girbaumateu.com\/es\/wp-json\/wp\/v2\/posts"}],"about":[{"href":"https:\/\/www.girbaumateu.com\/es\/wp-json\/wp\/v2\/types\/post"}],"author":[{"embeddable":true,"href":"https:\/\/www.girbaumateu.com\/es\/wp-json\/wp\/v2\/users\/1"}],"replies":[{"embeddable":true,"href":"https:\/\/www.girbaumateu.com\/es\/wp-json\/wp\/v2\/comments?post=1458"}],"version-history":[{"count":3,"href":"https:\/\/www.girbaumateu.com\/es\/wp-json\/wp\/v2\/posts\/1458\/revisions"}],"predecessor-version":[{"id":1596,"href":"https:\/\/www.girbaumateu.com\/es\/wp-json\/wp\/v2\/posts\/1458\/revisions\/1596"}],"wp:featuredmedia":[{"embeddable":true,"href":"https:\/\/www.girbaumateu.com\/es\/wp-json\/wp\/v2\/media\/925"}],"wp:attachment":[{"href":"https:\/\/www.girbaumateu.com\/es\/wp-json\/wp\/v2\/media?parent=1458"}],"wp:term":[{"taxonomy":"category","embeddable":true,"href":"https:\/\/www.girbaumateu.com\/es\/wp-json\/wp\/v2\/categories?post=1458"},{"taxonomy":"post_tag","embeddable":true,"href":"https:\/\/www.girbaumateu.com\/es\/wp-json\/wp\/v2\/tags?post=1458"}],"curies":[{"name":"wp","href":"https:\/\/api.w.org\/{rel}","templated":true}]}}